{"id":736,"date":"2021-01-21T19:34:52","date_gmt":"2021-01-21T18:34:52","guid":{"rendered":"https:\/\/tintafresca.net\/?p=736"},"modified":"2021-01-21T20:16:26","modified_gmt":"2021-01-21T19:16:26","slug":"presidente-da-camara-do-cartaxo-testa-positivo-a-covid-19","status":"publish","type":"post","link":"https:\/\/tintafresca.net\/index.php\/2021\/01\/21\/presidente-da-camara-do-cartaxo-testa-positivo-a-covid-19\/","title":{"rendered":"Presidente da C\u00e2mara do Cartaxo testa positivo \u00e0 COVID-19"},"content":{"rendered":"<div id=\"attachment_737\" style=\"width: 510px\" class=\"wp-caption alignleft\"><img loading=\"lazy\" decoding=\"async\" aria-describedby=\"caption-attachment-737\" class=\"wp-image-737 size-full\" src=\"https:\/\/tintafresca.net\/wp-content\/uploads\/2021\/01\/Cartaxo_presidente_camara_PMR10.jpg\" alt=\"\" width=\"500\" height=\"281\" srcset=\"https:\/\/tintafresca.net\/wp-content\/uploads\/2021\/01\/Cartaxo_presidente_camara_PMR10.jpg 500w, https:\/\/tintafresca.net\/wp-content\/uploads\/2021\/01\/Cartaxo_presidente_camara_PMR10-300x169.jpg 300w\" sizes=\"auto, (max-width: 500px) 100vw, 500px\" \/><p id=\"caption-attachment-737\" class=\"wp-caption-text\">Pedro Magalh\u00e3es Ribeiro<\/p><\/div>\n<p>Na sequ\u00eancia do teste positivo do vereador Pedro Nobre \u2013 segunda-feira, dia 18 de janeiro \u2013, as autoridades de prote\u00e7\u00e3o civil e de sa\u00fade identificaram os contactos de risco do autarca, indicando que, por precau\u00e7\u00e3o, nesse mesmo dia, deveriam iniciar isolamento preventivo o presidente da C\u00e2mara Municipal, Pedro Magalh\u00e3es Ribeiro, o vice-presidente da C\u00e2mara, Fernando Amorim, a vereadora Ana Bernardino, o presidente da junta da Uni\u00e3o de Freguesias Ereira e Lapa, Jo\u00e3o Nunes, dois elementos da \u00e1rea jur\u00eddico da C\u00e2mara e dois elementos dos gabinetes de apoio \u00e0 presid\u00eancia e \u00e0 verea\u00e7\u00e3o.<\/p>\n<p>O presidente da C\u00e2mara Municipal, os dois elementos dos gabinetes de apoio e a vereadora Ana Bernardino efetuaram teste na passada ter\u00e7a-feira, dia 19 de janeiro, cujo resultado foi ontem, ao final da noite, conhecido. Os resultados foram positivos para o presidente da C\u00e2mara Municipal e para Ant\u00f3nio Jos\u00e9 Sobreira, elemento do gabinete de apoio \u00e0 verea\u00e7\u00e3o. A vereadora Ana Bernardino e a chefe de gabinete de apoio \u00e0 presid\u00eancia, Andreia Elvas, testaram negativo.<\/p>\n<p>Jo\u00e3o Nunes, presidente da Uni\u00e3o de freguesias de Ereira e Lapa, efetuou teste r\u00e1pido ontem, dia 20 de janeiro, que teve resultado positivo. O autarca encontra-se em isolamento profil\u00e1tico.<\/p>\n<p>O vice-presidente da C\u00e2mara Municipal, Fernando Amorim, por indica\u00e7\u00e3o da autoridade de sa\u00fade, ir\u00e1 efetuar teste amanh\u00e3, sexta-feira, dia 22 de janeiro \u2013 a data de teste difere dos restantes elementos do executivo, tendo em conta que o contacto de risco ocorreu em dia diferente.<\/p>\n<p>Assim, a C\u00e2mara Municipal esclarece que:<\/p>\n<p>Durante o fim de semana, o vereador Pedro Nobre, por forte indisposi\u00e7\u00e3o, entrou voluntariamente em isolamento. O vereador Pedro Nobre efetuou teste r\u00e1pido na passada segunda-feira, dia 18 de janeiro, que deu positivo entrando imediatamente em isolamento profil\u00e1tico determinado pela autoridade de sa\u00fade. A situa\u00e7\u00e3o de sa\u00fade do vereador Pedro Nobre est\u00e1 a evoluir favoravelmente. Quer o presidente da C\u00e2mara Municipal, quer o elemento do gabinete de apoio que tamb\u00e9m testou positivo, n\u00e3o apresentam fortes sintomas da doen\u00e7a.<\/p>\n<p>Conhecido o teste e identificados os contactos de risco referidos anteriormente, o presidente da C\u00e2mara, o vice-presidente, a vereadora e os elementos dos gabinetes de apoio iniciaram isolamento preventivo no mesmo dia.<\/p>\n<p>Considerando os resultados positivos, o presidente da C\u00e2mara Municipal, ouvido o Servi\u00e7o Municipal de Prote\u00e7\u00e3o Civil, decidiu encerrar esta quinta-feira os servi\u00e7os municipais do edif\u00edcio-sede, que reabrir\u00e3o na pr\u00f3xima segunda-feira, depois de efetuada a necess\u00e1ria descontamina\u00e7\u00e3o. Esta reabertura ser\u00e1 assegurada pelas equipas que se encontravam, rotativamente, em teletrabalho, em conformidade com o Plano de Conting\u00eancia Municipal.<\/p>\n<p>O presidente da C\u00e2mara solicitou, ainda, testagem a todos os trabalhadores que estiveram em trabalho presencial nas \u00faltimas duas semanas.<\/p>\n<p>Durante o dia de hoje e amanh\u00e3 \u2013 sexta-feira, dia 22 de janeiro \u2013 os servi\u00e7os v\u00e3o continuar a funcionar em teletrabalho e a manter o atendimento pelos canais digitais criados desde o in\u00edcio da pandemia.<\/p>\n<p><strong>\u00a0 \u00a0 Fonte: MS|GIC|CMC<\/strong><\/p>\n","protected":false},"excerpt":{"rendered":"<p>Na sequ\u00eancia do teste positivo do vereador Pedro Nobre \u2013 segunda-feira, dia 18 de janeiro \u2013, as autoridades de prote\u00e7\u00e3o civil e de sa\u00fade identificaram os contactos de risco do autarca, indicando que, por precau\u00e7\u00e3o, nesse mesmo dia, deveriam iniciar isolamento preventivo o presidente da C\u00e2mara Municipal, Pedro Magalh\u00e3es Ribeiro, o vice-presidente da C\u00e2mara, Fernando [&hellip;]<\/p>\n","protected":false},"author":2,"featured_media":738,"comment_status":"open","ping_status":"open","sticky":false,"template":"","format":"standard","meta":{"footnotes":""},"categories":[6],"tags":[],"class_list":["post-736","post","type-post","status-publish","format-standard","has-post-thumbnail","hentry","category-saude"],"_links":{"self":[{"href":"https:\/\/tintafresca.net\/index.php\/wp-json\/wp\/v2\/posts\/736","targetHints":{"allow":["GET"]}}],"collection":[{"href":"https:\/\/tintafresca.net\/index.php\/wp-json\/wp\/v2\/posts"}],"about":[{"href":"https:\/\/tintafresca.net\/index.php\/wp-json\/wp\/v2\/types\/post"}],"author":[{"embeddable":true,"href":"https:\/\/tintafresca.net\/index.php\/wp-json\/wp\/v2\/users\/2"}],"replies":[{"embeddable":true,"href":"https:\/\/tintafresca.net\/index.php\/wp-json\/wp\/v2\/comments?post=736"}],"version-history":[{"count":2,"href":"https:\/\/tintafresca.net\/index.php\/wp-json\/wp\/v2\/posts\/736\/revisions"}],"predecessor-version":[{"id":740,"href":"https:\/\/tintafresca.net\/index.php\/wp-json\/wp\/v2\/posts\/736\/revisions\/740"}],"wp:featuredmedia":[{"embeddable":true,"href":"https:\/\/tintafresca.net\/index.php\/wp-json\/wp\/v2\/media\/738"}],"wp:attachment":[{"href":"https:\/\/tintafresca.net\/index.php\/wp-json\/wp\/v2\/media?parent=736"}],"wp:term":[{"taxonomy":"category","embeddable":true,"href":"https:\/\/tintafresca.net\/index.php\/wp-json\/wp\/v2\/categories?post=736"},{"taxonomy":"post_tag","embeddable":true,"href":"https:\/\/tintafresca.net\/index.php\/wp-json\/wp\/v2\/tags?post=736"}],"curies":[{"name":"wp","href":"https:\/\/api.w.org\/{rel}","templated":true}]}}