{"id":741,"date":"2021-01-21T20:40:31","date_gmt":"2021-01-21T19:40:31","guid":{"rendered":"https:\/\/tintafresca.net\/?p=741"},"modified":"2021-01-21T20:40:31","modified_gmt":"2021-01-21T19:40:31","slug":"camaras-da-batalha-e-tomar-disponibilizam-testes-rapidos-a-covid-19-aos-membros-das-mesas-eleitorais","status":"publish","type":"post","link":"https:\/\/tintafresca.net\/index.php\/2021\/01\/21\/camaras-da-batalha-e-tomar-disponibilizam-testes-rapidos-a-covid-19-aos-membros-das-mesas-eleitorais\/","title":{"rendered":"C\u00e2maras da Batalha e Tomar disponibilizam testes r\u00e1pidos \u00e0 Covid-19 aos membros das mesas eleitorais"},"content":{"rendered":"<div id=\"attachment_742\" style=\"width: 510px\" class=\"wp-caption alignleft\"><img loading=\"lazy\" decoding=\"async\" aria-describedby=\"caption-attachment-742\" class=\"wp-image-742 size-full\" src=\"https:\/\/tintafresca.net\/wp-content\/uploads\/2021\/01\/Batalha_Covid19-Teste-rapido10.jpg\" alt=\"\" width=\"500\" height=\"370\" srcset=\"https:\/\/tintafresca.net\/wp-content\/uploads\/2021\/01\/Batalha_Covid19-Teste-rapido10.jpg 500w, https:\/\/tintafresca.net\/wp-content\/uploads\/2021\/01\/Batalha_Covid19-Teste-rapido10-300x222.jpg 300w\" sizes=\"auto, (max-width: 500px) 100vw, 500px\" \/><p id=\"caption-attachment-742\" class=\"wp-caption-text\">Teste r\u00e1pido ao coronav\u00edrus Covid-19<\/p><\/div>\n<p>A C\u00e2mara Municipal da Batalha, como medida de refor\u00e7o da seguran\u00e7a das opera\u00e7\u00f5es eleitorais previstas para o pr\u00f3ximo domingo, decidiu disponibilizar testes r\u00e1pidos a todos os membros das mesas eleitorais, assegurando tamb\u00e9m uma mensagem de confian\u00e7a \u00e0 participa\u00e7\u00e3o dos eleitores nas elei\u00e7\u00f5es Presidenciais.<\/p>\n<p>Os testes r\u00e1pidos \u00e0 COVID-19 pelo m\u00e9todo de dete\u00e7\u00e3o de antig\u00e9nio, revestem-se de enorme import\u00e2ncia e s\u00e3o bastante eficazes para fazer a identifica\u00e7\u00e3o de doentes eventualmente infetados por SARS-CoV-2 (Doen\u00e7a COVID19).<\/p>\n<p>Prev\u00ea-se a realiza\u00e7\u00e3o de cerca de 100 testes, a realizar no espa\u00e7o municipal adaptado a centro de testes, a funcionar desde 15 de junho de 2020, e que tem servi\u00e7o para apoio e testagem da popula\u00e7\u00e3o, escolas, institui\u00e7\u00f5es sociais e empresa, tendo j\u00e1 realizado mais de 10 mil testes \u00e0 Covid-19.<\/p>\n<p>\u201cDesde o in\u00edcio da pandemia que temos procurado assegurar as melhores condi\u00e7\u00f5es de seguran\u00e7a e prote\u00e7\u00e3o da nossa comunidade, sempre em articula\u00e7\u00e3o com as autoridades de sa\u00fade.\u00a0 Esta decis\u00e3o vai na mesma linha de atua\u00e7\u00e3o e pretende tamb\u00e9m constituir um forte apelo \u00e0 participa\u00e7\u00e3o c\u00edvica nas elei\u00e7\u00f5es presidenciais\u201d, refere o autarca local, Paulo Batista Santos.<\/p>\n<p>A situa\u00e7\u00e3o Epidemiol\u00f3gica do concelho da Batalha regista \u00e0 data de hoje 57 casos ativos (-2 que no dia anterior), fruto de 10 novas recupera\u00e7\u00f5es e 8 novos casos ativos, tendo ainda o registo global de 400 casos desde do in\u00edcio da pandemia, dos quais 336 recuperados e 7 \u00f3bitos relacionados com a Covid-19.<\/p>\n<p>Os testes disponibilizados ser\u00e3o todos realizados at\u00e9 ao pr\u00f3ximo s\u00e1bado, dia 23 de janeiro, v\u00e9spera das elei\u00e7\u00f5es presidenciais de 24 de janeiro de 2021.<\/p>\n<p><strong>\u00a0 \u00a0 C\u00e2mara Municipal de Tomar assume testagem de todos os membros das 47 mesas de voto no concelho<\/strong><\/p>\n<p>Atendendo \u00e0 situa\u00e7\u00e3o pand\u00e9mica, a C\u00e2mara Municipal de Tomar decidiu tamb\u00e9m assumir a testagem de todos os membros das 47 mesas de voto no concelho, assim como de todos os elementos envolvidos no processo, indicados pelos presidentes das 11 juntas ou uni\u00f5es de freguesias.<\/p>\n<p><strong>\u00a0 \u00a0 \u00a0Fonte: MB e GC|CMT<\/strong><\/p>\n","protected":false},"excerpt":{"rendered":"<p>A C\u00e2mara Municipal da Batalha, como medida de refor\u00e7o da seguran\u00e7a das opera\u00e7\u00f5es eleitorais previstas para o pr\u00f3ximo domingo, decidiu disponibilizar testes r\u00e1pidos a todos os membros das mesas eleitorais, assegurando tamb\u00e9m uma mensagem de confian\u00e7a \u00e0 participa\u00e7\u00e3o dos eleitores nas elei\u00e7\u00f5es Presidenciais. Os testes r\u00e1pidos \u00e0 COVID-19 pelo m\u00e9todo de dete\u00e7\u00e3o de antig\u00e9nio, revestem-se [&hellip;]<\/p>\n","protected":false},"author":2,"featured_media":743,"comment_status":"open","ping_status":"open","sticky":false,"template":"","format":"standard","meta":{"footnotes":""},"categories":[6,11],"tags":[],"class_list":["post-741","post","type-post","status-publish","format-standard","has-post-thumbnail","hentry","category-saude","category-sociedade"],"_links":{"self":[{"href":"https:\/\/tintafresca.net\/index.php\/wp-json\/wp\/v2\/posts\/741","targetHints":{"allow":["GET"]}}],"collection":[{"href":"https:\/\/tintafresca.net\/index.php\/wp-json\/wp\/v2\/posts"}],"about":[{"href":"https:\/\/tintafresca.net\/index.php\/wp-json\/wp\/v2\/types\/post"}],"author":[{"embeddable":true,"href":"https:\/\/tintafresca.net\/index.php\/wp-json\/wp\/v2\/users\/2"}],"replies":[{"embeddable":true,"href":"https:\/\/tintafresca.net\/index.php\/wp-json\/wp\/v2\/comments?post=741"}],"version-history":[{"count":1,"href":"https:\/\/tintafresca.net\/index.php\/wp-json\/wp\/v2\/posts\/741\/revisions"}],"predecessor-version":[{"id":744,"href":"https:\/\/tintafresca.net\/index.php\/wp-json\/wp\/v2\/posts\/741\/revisions\/744"}],"wp:featuredmedia":[{"embeddable":true,"href":"https:\/\/tintafresca.net\/index.php\/wp-json\/wp\/v2\/media\/743"}],"wp:attachment":[{"href":"https:\/\/tintafresca.net\/index.php\/wp-json\/wp\/v2\/media?parent=741"}],"wp:term":[{"taxonomy":"category","embeddable":true,"href":"https:\/\/tintafresca.net\/index.php\/wp-json\/wp\/v2\/categories?post=741"},{"taxonomy":"post_tag","embeddable":true,"href":"https:\/\/tintafresca.net\/index.php\/wp-json\/wp\/v2\/tags?post=741"}],"curies":[{"name":"wp","href":"https:\/\/api.w.org\/{rel}","templated":true}]}}