{"id":749,"date":"2021-01-21T22:43:52","date_gmt":"2021-01-21T21:43:52","guid":{"rendered":"https:\/\/tintafresca.net\/?p=749"},"modified":"2021-01-21T22:48:07","modified_gmt":"2021-01-21T21:48:07","slug":"casos-ativos-de-covid-19-ultrapassam-os-4-mil-na-regiao-oeste","status":"publish","type":"post","link":"https:\/\/tintafresca.net\/index.php\/2021\/01\/21\/casos-ativos-de-covid-19-ultrapassam-os-4-mil-na-regiao-oeste\/","title":{"rendered":"Casos ativos de COVID-19 ultrapassam os 4 mil na Regi\u00e3o Oeste"},"content":{"rendered":"<div id=\"attachment_750\" style=\"width: 510px\" class=\"wp-caption alignleft\"><img loading=\"lazy\" decoding=\"async\" aria-describedby=\"caption-attachment-750\" class=\"wp-image-750 size-full\" src=\"https:\/\/tintafresca.net\/wp-content\/uploads\/2021\/01\/Hospital_Peniche30.jpg\" alt=\"\" width=\"500\" height=\"375\" srcset=\"https:\/\/tintafresca.net\/wp-content\/uploads\/2021\/01\/Hospital_Peniche30.jpg 500w, https:\/\/tintafresca.net\/wp-content\/uploads\/2021\/01\/Hospital_Peniche30-300x225.jpg 300w\" sizes=\"auto, (max-width: 500px) 100vw, 500px\" \/><p id=\"caption-attachment-750\" class=\"wp-caption-text\">Hospital de Peniche<\/p><\/div>\n<p>O n\u00famero de casos ativos de COVID-19 na Regi\u00e3o Oeste continua a sua progress\u00e3o exponencial ultrapassando esta quinta-feira, dia 21 de janeiro, os 4 mil (4.160) pela primeira vez desde o in\u00edcio da pandemia. Torres Vedras (1197) volta a ter o maior n\u00famero de casos ativos em todo o Oeste, seguindo-se Alcoba\u00e7a (737), Alenquer (504), Caldas da Rainha (398), Peniche (391) e Arruda dos Vinhos (265). Os concelhos com menos casos s\u00e3o Sobral de Monte Agra\u00e7o (165), Nazar\u00e9 (155), Lourinh\u00e3 (136), Bombarral (84), \u00d3bidos (68) e Cadaval (60).<\/p>\n<p>O n\u00famero total de infetados \u00e9 agora 13.780, o n\u00famero de recuperados 9.315, sendo o n\u00famero de \u00f3bitos agora de 305. Torres Vedras volta a ser o concelho com maior n\u00famero de \u00f3bitos (62) ultrapassando Caldas da Rainha (60). Seguem-se Alenquer (34), Alcoba\u00e7a (34), Peniche (26), Arruda dos Vinhos (25), \u00d3bidos (15), Lourinh\u00e3 (13), Cadaval (10), Sobral de Monte Agra\u00e7o (10), Bombarral (10) e Nazar\u00e9 (6).<\/p>\n","protected":false},"excerpt":{"rendered":"<p>O n\u00famero de casos ativos de COVID-19 na Regi\u00e3o Oeste continua a sua progress\u00e3o exponencial ultrapassando esta quinta-feira, dia 21 de janeiro, os 4 mil (4.160) pela primeira vez desde o in\u00edcio da pandemia. Torres Vedras (1197) volta a ter o maior n\u00famero de casos ativos em todo o Oeste, seguindo-se Alcoba\u00e7a (737), Alenquer (504), [&hellip;]<\/p>\n","protected":false},"author":2,"featured_media":751,"comment_status":"open","ping_status":"open","sticky":false,"template":"","format":"standard","meta":{"footnotes":""},"categories":[6],"tags":[],"class_list":["post-749","post","type-post","status-publish","format-standard","has-post-thumbnail","hentry","category-saude"],"_links":{"self":[{"href":"https:\/\/tintafresca.net\/index.php\/wp-json\/wp\/v2\/posts\/749","targetHints":{"allow":["GET"]}}],"collection":[{"href":"https:\/\/tintafresca.net\/index.php\/wp-json\/wp\/v2\/posts"}],"about":[{"href":"https:\/\/tintafresca.net\/index.php\/wp-json\/wp\/v2\/types\/post"}],"author":[{"embeddable":true,"href":"https:\/\/tintafresca.net\/index.php\/wp-json\/wp\/v2\/users\/2"}],"replies":[{"embeddable":true,"href":"https:\/\/tintafresca.net\/index.php\/wp-json\/wp\/v2\/comments?post=749"}],"version-history":[{"count":1,"href":"https:\/\/tintafresca.net\/index.php\/wp-json\/wp\/v2\/posts\/749\/revisions"}],"predecessor-version":[{"id":752,"href":"https:\/\/tintafresca.net\/index.php\/wp-json\/wp\/v2\/posts\/749\/revisions\/752"}],"wp:featuredmedia":[{"embeddable":true,"href":"https:\/\/tintafresca.net\/index.php\/wp-json\/wp\/v2\/media\/751"}],"wp:attachment":[{"href":"https:\/\/tintafresca.net\/index.php\/wp-json\/wp\/v2\/media?parent=749"}],"wp:term":[{"taxonomy":"category","embeddable":true,"href":"https:\/\/tintafresca.net\/index.php\/wp-json\/wp\/v2\/categories?post=749"},{"taxonomy":"post_tag","embeddable":true,"href":"https:\/\/tintafresca.net\/index.php\/wp-json\/wp\/v2\/tags?post=749"}],"curies":[{"name":"wp","href":"https:\/\/api.w.org\/{rel}","templated":true}]}}