{"id":841,"date":"2021-01-25T23:22:59","date_gmt":"2021-01-25T22:22:59","guid":{"rendered":"https:\/\/tintafresca.net\/?p=841"},"modified":"2021-01-25T23:22:59","modified_gmt":"2021-01-25T22:22:59","slug":"vacinacao-contra-a-covid-19-ja-arrancou-nos-lares-do-concelho-de-azambuja","status":"publish","type":"post","link":"https:\/\/tintafresca.net\/index.php\/2021\/01\/25\/vacinacao-contra-a-covid-19-ja-arrancou-nos-lares-do-concelho-de-azambuja\/","title":{"rendered":"Vacina\u00e7\u00e3o contra a COVID-19 j\u00e1 arrancou nos lares do concelho de azambuja"},"content":{"rendered":"<div id=\"attachment_842\" style=\"width: 510px\" class=\"wp-caption alignleft\"><img loading=\"lazy\" decoding=\"async\" aria-describedby=\"caption-attachment-842\" class=\"wp-image-842 size-full\" src=\"https:\/\/tintafresca.net\/wp-content\/uploads\/2021\/01\/Azambuja_vacinacao_covid_20.jpg\" alt=\"\" width=\"500\" height=\"375\" srcset=\"https:\/\/tintafresca.net\/wp-content\/uploads\/2021\/01\/Azambuja_vacinacao_covid_20.jpg 500w, https:\/\/tintafresca.net\/wp-content\/uploads\/2021\/01\/Azambuja_vacinacao_covid_20-300x225.jpg 300w\" sizes=\"auto, (max-width: 500px) 100vw, 500px\" \/><p id=\"caption-attachment-842\" class=\"wp-caption-text\">Equipa de vacina\u00e7\u00e3o da Azambuja<\/p><\/div>\n<p>A vacina contra a Covid-19 j\u00e1 est\u00e1 a chegar aos lares do Concelho de Azambuja. A 1\u00aa fase de vacina\u00e7\u00e3o teve in\u00edcio na sexta-feira, dia 23 de janeiro, e est\u00e1 a decorrer de acordo com o plano. O total de pessoas vacinadas, nesta fase, ser\u00e1 de aproximadamente 600, entre utentes e funcion\u00e1rios das designadas ERPI-Estruturas Residenciais para Pessoas Idosas.<\/p>\n<p>Nos primeiros dias desta opera\u00e7\u00e3o, foram vacinados os profissionais e os residentes do Centro Social e Paroquial de Aveiras de Cima, da Santa Casa da Miseric\u00f3rdia de Azambuja, do Lar Jardim de Casais da Lagoa, da CERCI-Flor da Vida, do Lar Universal de Azambuja, do Lar Vale Grande Residence de Quebradas, e ainda de v\u00e1rias casas de acolhimento em Arrifana e em Manique do Intendente. Refira-se que, em acordo com as normas m\u00e9dicas a vacina n\u00e3o ser\u00e1 ainda administrada nas institui\u00e7\u00f5es onde existem surtos ativos de infe\u00e7\u00e3o. Nesses lares, a vacina\u00e7\u00e3o ser\u00e1 feita numa pr\u00f3xima fase, conforme protocolo.<\/p>\n<p>Est\u00e3o envolvidas nesta opera\u00e7\u00e3o cerca de duas dezenas de profissionais de sa\u00fade, socorro e seguran\u00e7a. O grupo \u00e9 constitu\u00eddo por elementos do Centro de Sa\u00fade de Azambuja, dos Bombeiros Volunt\u00e1rios de Alcoentre e de Azambuja, da Cruz Vermelha de Aveiras de Cima, do Servi\u00e7o Municipal de Prote\u00e7\u00e3o Civil e da Guarda Nacional Republicana.<\/p>\n<p>O Munic\u00edpio de Azambuja tem dado apoio log\u00edstico, nomeadamente transporte, e deixa uma palavra de reconhecimento e de est\u00edmulo a estes operacionais e a todos aqueles que, nas mais variadas fun\u00e7\u00f5es, continuam a dar o seu melhor no combate a esta pandemia e \u00e0s enormes dificuldades que ela est\u00e1 a provocar a toda a sociedade.<\/p>\n<p><strong>\u00a0 \u00a0 \u00a0Fonte: GC|CMA<\/strong><\/p>\n","protected":false},"excerpt":{"rendered":"<p>A vacina contra a Covid-19 j\u00e1 est\u00e1 a chegar aos lares do Concelho de Azambuja. A 1\u00aa fase de vacina\u00e7\u00e3o teve in\u00edcio na sexta-feira, dia 23 de janeiro, e est\u00e1 a decorrer de acordo com o plano. O total de pessoas vacinadas, nesta fase, ser\u00e1 de aproximadamente 600, entre utentes e funcion\u00e1rios das designadas ERPI-Estruturas [&hellip;]<\/p>\n","protected":false},"author":2,"featured_media":843,"comment_status":"open","ping_status":"open","sticky":false,"template":"","format":"standard","meta":{"footnotes":""},"categories":[6],"tags":[],"class_list":["post-841","post","type-post","status-publish","format-standard","has-post-thumbnail","hentry","category-saude"],"_links":{"self":[{"href":"https:\/\/tintafresca.net\/index.php\/wp-json\/wp\/v2\/posts\/841","targetHints":{"allow":["GET"]}}],"collection":[{"href":"https:\/\/tintafresca.net\/index.php\/wp-json\/wp\/v2\/posts"}],"about":[{"href":"https:\/\/tintafresca.net\/index.php\/wp-json\/wp\/v2\/types\/post"}],"author":[{"embeddable":true,"href":"https:\/\/tintafresca.net\/index.php\/wp-json\/wp\/v2\/users\/2"}],"replies":[{"embeddable":true,"href":"https:\/\/tintafresca.net\/index.php\/wp-json\/wp\/v2\/comments?post=841"}],"version-history":[{"count":1,"href":"https:\/\/tintafresca.net\/index.php\/wp-json\/wp\/v2\/posts\/841\/revisions"}],"predecessor-version":[{"id":844,"href":"https:\/\/tintafresca.net\/index.php\/wp-json\/wp\/v2\/posts\/841\/revisions\/844"}],"wp:featuredmedia":[{"embeddable":true,"href":"https:\/\/tintafresca.net\/index.php\/wp-json\/wp\/v2\/media\/843"}],"wp:attachment":[{"href":"https:\/\/tintafresca.net\/index.php\/wp-json\/wp\/v2\/media?parent=841"}],"wp:term":[{"taxonomy":"category","embeddable":true,"href":"https:\/\/tintafresca.net\/index.php\/wp-json\/wp\/v2\/categories?post=841"},{"taxonomy":"post_tag","embeddable":true,"href":"https:\/\/tintafresca.net\/index.php\/wp-json\/wp\/v2\/tags?post=841"}],"curies":[{"name":"wp","href":"https:\/\/api.w.org\/{rel}","templated":true}]}}