{"id":8427,"date":"2021-08-29T16:18:28","date_gmt":"2021-08-29T16:18:28","guid":{"rendered":"https:\/\/tintafresca.net\/?p=8427"},"modified":"2021-08-29T16:18:28","modified_gmt":"2021-08-29T16:18:28","slug":"alcobaca-recebe-1a-edicao-do-festival-de-artes-performativas-era-uma-vez-no-oeste","status":"publish","type":"post","link":"https:\/\/tintafresca.net\/index.php\/2021\/08\/29\/alcobaca-recebe-1a-edicao-do-festival-de-artes-performativas-era-uma-vez-no-oeste\/","title":{"rendered":"Alcoba\u00e7a recebe 1\u00aa edi\u00e7\u00e3o do Festival de Artes Performativas \u201cEra uma Vez no Oeste\u201d"},"content":{"rendered":"<div id=\"attachment_8429\" style=\"width: 510px\" class=\"wp-caption alignleft\"><img loading=\"lazy\" decoding=\"async\" aria-describedby=\"caption-attachment-8429\" class=\"wp-image-8429 size-full\" src=\"https:\/\/tintafresca.net\/wp-content\/uploads\/2021\/08\/Alcobaca_era_uma_vez_no_Oeste10.jpg\" alt=\"\" width=\"500\" height=\"624\" \/><p id=\"caption-attachment-8429\" class=\"wp-caption-text\">Cartaz<\/p><\/div>\n<p>A 1\u00aa edi\u00e7\u00e3o do Festival de Artes Performativas \u201cEra uma Vez no Oeste\u201d vai decorrer em Alcoba\u00e7a de 2 a 12 de setembro, numa organiza\u00e7\u00e3o da companhia A Corda Teatro. O arranque ter\u00e1 lugar no dia 2 de setembro, \u00e0s 18 horas, no anfiteatro da Pra\u00e7a Jo\u00e3o de Deus Ramos, junto ao Tribunal de Alcoba\u00e7a, com a tert\u00falia intitulada Florbela\/Virg\u00ednia, com a participa\u00e7\u00e3o de A Corda Teatro e de Jorge Pereira de Sampaio, investigador da vida e obra da poetisa Virg\u00ednia Vitorino. No mesmo dia, pelas 20h, no mesmo espa\u00e7o ser\u00e1 exibida a pe\u00e7a \u201cSobre o Cristal Transparente\u201d, de A Corda Teatro.<\/p>\n","protected":false},"excerpt":{"rendered":"<p>A 1\u00aa edi\u00e7\u00e3o do Festival de Artes Performativas \u201cEra uma Vez no Oeste\u201d vai decorrer em Alcoba\u00e7a de 2 a 12 de setembro, numa organiza\u00e7\u00e3o da companhia A Corda Teatro. O arranque ter\u00e1 lugar no dia 2 de setembro, \u00e0s 18 horas, no anfiteatro da Pra\u00e7a Jo\u00e3o de Deus Ramos, junto ao Tribunal de Alcoba\u00e7a, [&hellip;]<\/p>\n","protected":false},"author":2,"featured_media":8430,"comment_status":"open","ping_status":"open","sticky":false,"template":"","format":"standard","meta":{"footnotes":""},"categories":[1],"tags":[],"class_list":["post-8427","post","type-post","status-publish","format-standard","has-post-thumbnail","hentry","category-uncategorized"],"_links":{"self":[{"href":"https:\/\/tintafresca.net\/index.php\/wp-json\/wp\/v2\/posts\/8427","targetHints":{"allow":["GET"]}}],"collection":[{"href":"https:\/\/tintafresca.net\/index.php\/wp-json\/wp\/v2\/posts"}],"about":[{"href":"https:\/\/tintafresca.net\/index.php\/wp-json\/wp\/v2\/types\/post"}],"author":[{"embeddable":true,"href":"https:\/\/tintafresca.net\/index.php\/wp-json\/wp\/v2\/users\/2"}],"replies":[{"embeddable":true,"href":"https:\/\/tintafresca.net\/index.php\/wp-json\/wp\/v2\/comments?post=8427"}],"version-history":[{"count":2,"href":"https:\/\/tintafresca.net\/index.php\/wp-json\/wp\/v2\/posts\/8427\/revisions"}],"predecessor-version":[{"id":8431,"href":"https:\/\/tintafresca.net\/index.php\/wp-json\/wp\/v2\/posts\/8427\/revisions\/8431"}],"wp:featuredmedia":[{"embeddable":true,"href":"https:\/\/tintafresca.net\/index.php\/wp-json\/wp\/v2\/media\/8430"}],"wp:attachment":[{"href":"https:\/\/tintafresca.net\/index.php\/wp-json\/wp\/v2\/media?parent=8427"}],"wp:term":[{"taxonomy":"category","embeddable":true,"href":"https:\/\/tintafresca.net\/index.php\/wp-json\/wp\/v2\/categories?post=8427"},{"taxonomy":"post_tag","embeddable":true,"href":"https:\/\/tintafresca.net\/index.php\/wp-json\/wp\/v2\/tags?post=8427"}],"curies":[{"name":"wp","href":"https:\/\/api.w.org\/{rel}","templated":true}]}}