{"id":8482,"date":"2021-08-30T22:01:07","date_gmt":"2021-08-30T22:01:07","guid":{"rendered":"https:\/\/tintafresca.net\/?p=8482"},"modified":"2021-08-30T22:01:07","modified_gmt":"2021-08-30T22:01:07","slug":"camara-de-pombal-aprova-venda-de-lote-na-zona-industrial-da-guia","status":"publish","type":"post","link":"https:\/\/tintafresca.net\/index.php\/2021\/08\/30\/camara-de-pombal-aprova-venda-de-lote-na-zona-industrial-da-guia\/","title":{"rendered":"C\u00e2mara de Pombal aprova venda de lote na Zona Industrial da Guia"},"content":{"rendered":"<div id=\"attachment_8485\" style=\"width: 360px\" class=\"wp-caption alignleft\"><img loading=\"lazy\" decoding=\"async\" aria-describedby=\"caption-attachment-8485\" class=\"wp-image-8485\" src=\"https:\/\/tintafresca.net\/wp-content\/uploads\/2021\/08\/Pombal_Camara10.jpg\" alt=\"\" width=\"350\" height=\"466\" \/><p id=\"caption-attachment-8485\" class=\"wp-caption-text\">Pa\u00e7os do Concelho de Pombal<\/p><\/div>\n<p>A C\u00e2mara Municipal de Pombal aprovou, na sexta-feira, 27 de agosto, em reuni\u00e3o do Executivo, a aliena\u00e7\u00e3o de lote de terreno na Zona Industrial da Guia, para instala\u00e7\u00e3o de uma empresa, com 30 anos de atividade, a laborar na \u00e1rea de confe\u00e7\u00e3o de alimentos, cozinhas coletivas e de \u201coutsourcing\u201d.<\/p>\n<p>O lote 5A, alienado por 15.855 euros, tem uma \u00e1rea de 1.057m2 e viabilizar\u00e1 a expans\u00e3o da atividade comercial da referida empresa, uma vez que j\u00e1 \u00e9 propriet\u00e1ria de um outro lote cont\u00edguo, cuja aliena\u00e7\u00e3o foi aprovada em janeiro deste ano.<\/p>\n<p>Por outro lado, na mesma reuni\u00e3o camar\u00e1ria, o Executivo Municipal aprovou uma altera\u00e7\u00e3o ao loteamento da Zona Industrial do Louri\u00e7al, na sequ\u00eancia da delibera\u00e7\u00e3o do passado dia 18 de junho e ap\u00f3s um per\u00edodo de discuss\u00e3o p\u00fablica que decorreu entre 21 de julho e 11 de agosto.<\/p>\n<p>As altera\u00e7\u00f5es abrangem os lotes 6 (da \u00e1rea m\u00e1xima de implanta\u00e7\u00e3o de 2.280m2 para 2.402m2 e da \u00e1rea m\u00e1xima de constru\u00e7\u00e3o de 3.810m2 para 4.804m2), lotes 7 e 8 (unifica\u00e7\u00e3o dos lotes num \u00fanico lote com uma \u00e1rea de 6.333m2), lotes 9 e 10 (unifica\u00e7\u00e3o dos lotes num \u00fanico lote com uma \u00e1rea de 4.199m2).<\/p>\n<p><strong>\u00a0 \u00a0 Fonte: GC|CMA<\/strong><\/p>\n","protected":false},"excerpt":{"rendered":"<p>A C\u00e2mara Municipal de Pombal aprovou, na sexta-feira, 27 de agosto, em reuni\u00e3o do Executivo, a aliena\u00e7\u00e3o de lote de terreno na Zona Industrial da Guia, para instala\u00e7\u00e3o de uma empresa, com 30 anos de atividade, a laborar na \u00e1rea de confe\u00e7\u00e3o de alimentos, cozinhas coletivas e de \u201coutsourcing\u201d. O lote 5A, alienado por 15.855 [&hellip;]<\/p>\n","protected":false},"author":2,"featured_media":8487,"comment_status":"open","ping_status":"open","sticky":false,"template":"","format":"standard","meta":{"footnotes":""},"categories":[7],"tags":[],"class_list":["post-8482","post","type-post","status-publish","format-standard","has-post-thumbnail","hentry","category-economia"],"_links":{"self":[{"href":"https:\/\/tintafresca.net\/index.php\/wp-json\/wp\/v2\/posts\/8482","targetHints":{"allow":["GET"]}}],"collection":[{"href":"https:\/\/tintafresca.net\/index.php\/wp-json\/wp\/v2\/posts"}],"about":[{"href":"https:\/\/tintafresca.net\/index.php\/wp-json\/wp\/v2\/types\/post"}],"author":[{"embeddable":true,"href":"https:\/\/tintafresca.net\/index.php\/wp-json\/wp\/v2\/users\/2"}],"replies":[{"embeddable":true,"href":"https:\/\/tintafresca.net\/index.php\/wp-json\/wp\/v2\/comments?post=8482"}],"version-history":[{"count":3,"href":"https:\/\/tintafresca.net\/index.php\/wp-json\/wp\/v2\/posts\/8482\/revisions"}],"predecessor-version":[{"id":8486,"href":"https:\/\/tintafresca.net\/index.php\/wp-json\/wp\/v2\/posts\/8482\/revisions\/8486"}],"wp:featuredmedia":[{"embeddable":true,"href":"https:\/\/tintafresca.net\/index.php\/wp-json\/wp\/v2\/media\/8487"}],"wp:attachment":[{"href":"https:\/\/tintafresca.net\/index.php\/wp-json\/wp\/v2\/media?parent=8482"}],"wp:term":[{"taxonomy":"category","embeddable":true,"href":"https:\/\/tintafresca.net\/index.php\/wp-json\/wp\/v2\/categories?post=8482"},{"taxonomy":"post_tag","embeddable":true,"href":"https:\/\/tintafresca.net\/index.php\/wp-json\/wp\/v2\/tags?post=8482"}],"curies":[{"name":"wp","href":"https:\/\/api.w.org\/{rel}","templated":true}]}}