{"id":855,"date":"2021-01-26T15:02:43","date_gmt":"2021-01-26T14:02:43","guid":{"rendered":"https:\/\/tintafresca.net\/?p=855"},"modified":"2021-01-26T18:39:04","modified_gmt":"2021-01-26T17:39:04","slug":"camara-de-torres-vedras-pede-a-ativacao-de-ajuda-internacional-para-o-controlo-da-pandemia-no-concelho","status":"publish","type":"post","link":"https:\/\/tintafresca.net\/index.php\/2021\/01\/26\/camara-de-torres-vedras-pede-a-ativacao-de-ajuda-internacional-para-o-controlo-da-pandemia-no-concelho\/","title":{"rendered":"C\u00e2mara de Torres Vedras pede ajuda internacional para o controlo da pandemia no concelho"},"content":{"rendered":"<div id=\"attachment_856\" style=\"width: 510px\" class=\"wp-caption alignleft\"><img loading=\"lazy\" decoding=\"async\" aria-describedby=\"caption-attachment-856\" class=\"wp-image-856\" src=\"https:\/\/tintafresca.net\/wp-content\/uploads\/2021\/01\/TV_protecao_Civil-300x169.jpg\" alt=\"\" width=\"500\" height=\"281\" srcset=\"https:\/\/tintafresca.net\/wp-content\/uploads\/2021\/01\/TV_protecao_Civil-300x169.jpg 300w, https:\/\/tintafresca.net\/wp-content\/uploads\/2021\/01\/TV_protecao_Civil.jpg 720w\" sizes=\"auto, (max-width: 500px) 100vw, 500px\" \/><p id=\"caption-attachment-856\" class=\"wp-caption-text\">Carlos Bernardes dirigiu apelo ao ministro dos Neg\u00f3cios Estrangeiros Augusto Santos Silva<\/p><\/div>\n<p>Num of\u00edcio enviado esta ter\u00e7a-feira, dia 26 de janeiro, o presidente da C\u00e2mara Municipal de Torres Vedras, Carlos Bernardes, solicitou ao ministro de Estado e dos Neg\u00f3cios Estrangeiros, Augusto Santos Silva, a ativa\u00e7\u00e3o de ajuda internacional para o controlo da pandemia no concelho de Torres Vedras, atrav\u00e9s do refor\u00e7o de recursos humanos do Hospital de Torres Vedras, com cinco m\u00e9dicos e dez enfermeiros.<\/p>\n<p>O pedido de ajuda internacional foi efetuado em estreita coopera\u00e7\u00e3o com o Conselho de Administra\u00e7\u00e3o do Centro Hospitalar do Oeste, num momento em que o Hospital de Torres Vedras se encontra numa situa\u00e7\u00e3o dif\u00edcil, agravada pela redu\u00e7\u00e3o de alternativas de resposta nos restantes hospitais da regi\u00e3o de Lisboa e do pa\u00eds.<\/p>\n<p>No of\u00edcio, a C\u00e2mara Municipal de Torres Vedras disponibiliza-se para assegurar o transporte, a alimenta\u00e7\u00e3o, a estadia e a remunera\u00e7\u00e3o por um per\u00edodo de 15 dias a estes profissionais de sa\u00fade, de forma a fazer face a uma situa\u00e7\u00e3o potencialmente catastr\u00f3fica.<\/p>\n<p>Sublinhe-se que o concelho de Torres Vedras registava, a 24 de janeiro, 1364 casos ativos de infe\u00e7\u00e3o por SARS-CoV-2. O surto de COVID-19 associado ao Hospital de Torres Vedras apresentava, na mesma data, 108 casos ativos e 24 \u00f3bitos. A estes juntam-se os 396 casos ativos e 47 \u00f3bitos ocorridos em 6 estruturas residenciais para idosos do concelho.<\/p>\n<p><strong>\u00a0 \u00a0 Fonte: ACM|CMTV<\/strong><\/p>\n","protected":false},"excerpt":{"rendered":"<p>Num of\u00edcio enviado esta ter\u00e7a-feira, dia 26 de janeiro, o presidente da C\u00e2mara Municipal de Torres Vedras, Carlos Bernardes, solicitou ao ministro de Estado e dos Neg\u00f3cios Estrangeiros, Augusto Santos Silva, a ativa\u00e7\u00e3o de ajuda internacional para o controlo da pandemia no concelho de Torres Vedras, atrav\u00e9s do refor\u00e7o de recursos humanos do Hospital de [&hellip;]<\/p>\n","protected":false},"author":2,"featured_media":869,"comment_status":"open","ping_status":"open","sticky":false,"template":"","format":"standard","meta":{"footnotes":""},"categories":[6],"tags":[],"class_list":["post-855","post","type-post","status-publish","format-standard","has-post-thumbnail","hentry","category-saude"],"_links":{"self":[{"href":"https:\/\/tintafresca.net\/index.php\/wp-json\/wp\/v2\/posts\/855","targetHints":{"allow":["GET"]}}],"collection":[{"href":"https:\/\/tintafresca.net\/index.php\/wp-json\/wp\/v2\/posts"}],"about":[{"href":"https:\/\/tintafresca.net\/index.php\/wp-json\/wp\/v2\/types\/post"}],"author":[{"embeddable":true,"href":"https:\/\/tintafresca.net\/index.php\/wp-json\/wp\/v2\/users\/2"}],"replies":[{"embeddable":true,"href":"https:\/\/tintafresca.net\/index.php\/wp-json\/wp\/v2\/comments?post=855"}],"version-history":[{"count":2,"href":"https:\/\/tintafresca.net\/index.php\/wp-json\/wp\/v2\/posts\/855\/revisions"}],"predecessor-version":[{"id":859,"href":"https:\/\/tintafresca.net\/index.php\/wp-json\/wp\/v2\/posts\/855\/revisions\/859"}],"wp:featuredmedia":[{"embeddable":true,"href":"https:\/\/tintafresca.net\/index.php\/wp-json\/wp\/v2\/media\/869"}],"wp:attachment":[{"href":"https:\/\/tintafresca.net\/index.php\/wp-json\/wp\/v2\/media?parent=855"}],"wp:term":[{"taxonomy":"category","embeddable":true,"href":"https:\/\/tintafresca.net\/index.php\/wp-json\/wp\/v2\/categories?post=855"},{"taxonomy":"post_tag","embeddable":true,"href":"https:\/\/tintafresca.net\/index.php\/wp-json\/wp\/v2\/tags?post=855"}],"curies":[{"name":"wp","href":"https:\/\/api.w.org\/{rel}","templated":true}]}}