{"id":8700,"date":"2021-09-07T19:11:00","date_gmt":"2021-09-07T19:11:00","guid":{"rendered":"https:\/\/tintafresca.net\/?p=8700"},"modified":"2021-09-07T19:20:51","modified_gmt":"2021-09-07T19:20:51","slug":"v-mercadinho-verde-vai-decorrer-no-jardim-luis-de-camoes-nos-dias-11-e-12-de-setembro","status":"publish","type":"post","link":"https:\/\/tintafresca.net\/index.php\/2021\/09\/07\/v-mercadinho-verde-vai-decorrer-no-jardim-luis-de-camoes-nos-dias-11-e-12-de-setembro\/","title":{"rendered":"V Mercadinho Verde vai decorrer no jardim Lu\u00eds de Cam\u00f5es nos dias 11 e 12 de setembro"},"content":{"rendered":"<div id=\"attachment_8702\" style=\"width: 510px\" class=\"wp-caption alignleft\"><img loading=\"lazy\" decoding=\"async\" aria-describedby=\"caption-attachment-8702\" class=\"wp-image-8702 size-full\" src=\"https:\/\/tintafresca.net\/wp-content\/uploads\/2021\/09\/Leiria_V-Mercadinho-Verde10.png\" alt=\"\" width=\"500\" height=\"331\" srcset=\"https:\/\/tintafresca.net\/wp-content\/uploads\/2021\/09\/Leiria_V-Mercadinho-Verde10.png 500w, https:\/\/tintafresca.net\/wp-content\/uploads\/2021\/09\/Leiria_V-Mercadinho-Verde10-300x199.png 300w\" sizes=\"auto, (max-width: 500px) 100vw, 500px\" \/><p id=\"caption-attachment-8702\" class=\"wp-caption-text\">Cartaz<\/p><\/div>\n<p>Frutas, legumes, flores, artesanato, do\u00e7aria, plantas biol\u00f3gicas, catos, bem-estar, licores, ervas e produtos regionais s\u00e3o os atrativos do V Mercadinho Verde, que se realiza no fim de semana de 11 e 12 de setembro, no jardim Lu\u00eds de Cam\u00f5es, em Leiria.<\/p>\n<p>O V Mercadinho Verde \u00e9 um evento solid\u00e1rio promovido pela Associa\u00e7\u00e3o Pipocas de IP, que conta com a presen\u00e7a de diversos expositores, entre os quais &#8211; Flora Local; Maria d\u2019Horto; Bombons do Marqu\u00eas; Pratos&amp;Artes; Yolanda Cria\u00e7\u00f5es; Sabores do Bairro e Kimera dos Sabores.<\/p>\n<p>No dia 11 o Mercadinho est\u00e1 aberto das 10:00 \u00e0s 22:00 e no dia 12 das 10:00 \u00e0s 20:00. A entrada \u00e9 livre, mas salvaguardando as medidas de seguran\u00e7a em vigor emitidas pela DGS.<\/p>\n<p><strong>\u00a0 \u00a0Fonte: GRPG|CML<\/strong><\/p>\n","protected":false},"excerpt":{"rendered":"<p>Frutas, legumes, flores, artesanato, do\u00e7aria, plantas biol\u00f3gicas, catos, bem-estar, licores, ervas e produtos regionais s\u00e3o os atrativos do V Mercadinho Verde, que se realiza no fim de semana de 11 e 12 de setembro, no jardim Lu\u00eds de Cam\u00f5es, em Leiria. O V Mercadinho Verde \u00e9 um evento solid\u00e1rio promovido pela Associa\u00e7\u00e3o Pipocas de IP, [&hellip;]<\/p>\n","protected":false},"author":2,"featured_media":8703,"comment_status":"open","ping_status":"open","sticky":false,"template":"","format":"standard","meta":{"footnotes":""},"categories":[9],"tags":[],"class_list":["post-8700","post","type-post","status-publish","format-standard","has-post-thumbnail","hentry","category-ambiente"],"_links":{"self":[{"href":"https:\/\/tintafresca.net\/index.php\/wp-json\/wp\/v2\/posts\/8700","targetHints":{"allow":["GET"]}}],"collection":[{"href":"https:\/\/tintafresca.net\/index.php\/wp-json\/wp\/v2\/posts"}],"about":[{"href":"https:\/\/tintafresca.net\/index.php\/wp-json\/wp\/v2\/types\/post"}],"author":[{"embeddable":true,"href":"https:\/\/tintafresca.net\/index.php\/wp-json\/wp\/v2\/users\/2"}],"replies":[{"embeddable":true,"href":"https:\/\/tintafresca.net\/index.php\/wp-json\/wp\/v2\/comments?post=8700"}],"version-history":[{"count":3,"href":"https:\/\/tintafresca.net\/index.php\/wp-json\/wp\/v2\/posts\/8700\/revisions"}],"predecessor-version":[{"id":8705,"href":"https:\/\/tintafresca.net\/index.php\/wp-json\/wp\/v2\/posts\/8700\/revisions\/8705"}],"wp:featuredmedia":[{"embeddable":true,"href":"https:\/\/tintafresca.net\/index.php\/wp-json\/wp\/v2\/media\/8703"}],"wp:attachment":[{"href":"https:\/\/tintafresca.net\/index.php\/wp-json\/wp\/v2\/media?parent=8700"}],"wp:term":[{"taxonomy":"category","embeddable":true,"href":"https:\/\/tintafresca.net\/index.php\/wp-json\/wp\/v2\/categories?post=8700"},{"taxonomy":"post_tag","embeddable":true,"href":"https:\/\/tintafresca.net\/index.php\/wp-json\/wp\/v2\/tags?post=8700"}],"curies":[{"name":"wp","href":"https:\/\/api.w.org\/{rel}","templated":true}]}}