{"id":8795,"date":"2021-09-10T10:43:49","date_gmt":"2021-09-10T10:43:49","guid":{"rendered":"https:\/\/tintafresca.net\/?p=8795"},"modified":"2021-09-10T10:58:02","modified_gmt":"2021-09-10T10:58:02","slug":"hospital-de-caldas-da-rainha-tem-nova-estrutura-adr-su-para-atendimento-de-doentes-respiratorios","status":"publish","type":"post","link":"https:\/\/tintafresca.net\/index.php\/2021\/09\/10\/hospital-de-caldas-da-rainha-tem-nova-estrutura-adr-su-para-atendimento-de-doentes-respiratorios\/","title":{"rendered":"Hospital de Caldas da Rainha tem nova estrutura para atendimento de doentes respirat\u00f3rios"},"content":{"rendered":"<div id=\"attachment_8797\" style=\"width: 510px\" class=\"wp-caption alignleft\"><img loading=\"lazy\" decoding=\"async\" aria-describedby=\"caption-attachment-8797\" class=\"wp-image-8797 size-full\" src=\"https:\/\/tintafresca.net\/wp-content\/uploads\/2021\/09\/Caldas_ADR-SU-da-Unidade-de-Caldas-da-Rainha-do-CHOeste10.jpg\" alt=\"\" width=\"500\" height=\"239\" srcset=\"https:\/\/tintafresca.net\/wp-content\/uploads\/2021\/09\/Caldas_ADR-SU-da-Unidade-de-Caldas-da-Rainha-do-CHOeste10.jpg 500w, https:\/\/tintafresca.net\/wp-content\/uploads\/2021\/09\/Caldas_ADR-SU-da-Unidade-de-Caldas-da-Rainha-do-CHOeste10-300x143.jpg 300w\" sizes=\"auto, (max-width: 500px) 100vw, 500px\" \/><p id=\"caption-attachment-8797\" class=\"wp-caption-text\">\u00c1rea Dedicada para Doentes Respirat\u00f3rios do Servi\u00e7o de Urg\u00eancia (ADR-SU)<\/p><\/div>\n<p>Encontra-se em funcionamento, desde 7 de setembro, a nova \u00c1rea Dedicada para Doentes Respirat\u00f3rios do Servi\u00e7o de Urg\u00eancia (ADR-SU) da Unidade de Caldas da Rainha do Centro Hospitalar do Oeste.<\/p>\n<p>A nova ADR-SU localiza-se nas traseiras do edif\u00edcio do Servi\u00e7o de Urg\u00eancia da Unidade de Caldas da Rainha (antigo parque de estacionamento) e tem capacidade para acomodar 14 doentes. Conta com uma sala de espera, uma sala de testagem, um gabinete de triagem, dois gabinetes de consulta, uma sala de emerg\u00eancia, uma sala de observa\u00e7\u00e3o com capacidade para seis camas, dois quartos de isolamento, e uma \u00e1rea para doentes suspeitos e em estudo.<\/p>\n<p>A entrada em funcionamento desta nova estrutura ir\u00e1 libertar espa\u00e7o no Servi\u00e7o de Urg\u00eancia da Unidade de Caldas da Rainha, onde ainda est\u00e1 a decorrer a obra de amplia\u00e7\u00e3o e remodela\u00e7\u00e3o, e ir\u00e1 permitir melhores condi\u00e7\u00f5es de trabalho e de seguran\u00e7a para os doentes e para os profissionais.<\/p>\n<p>Para a cria\u00e7\u00e3o da ADR-SU da Unidade de Caldas da Rainha foi necess\u00e1rio um investimento total de 760. 915,44 euros, sendo 680.923,08 euros referentes \u00e0 instala\u00e7\u00e3o da estrutura e 79.992,36 euros destinados \u00e0 aquisi\u00e7\u00e3o de equipamentos.<\/p>\n<p>O Centro Hospitalar do Oeste integra os hospitais de Caldas da Rainha, Torres Vedras e Peniche, tendo uma \u00e1rea de influ\u00eancia constitu\u00edda pelas popula\u00e7\u00f5es dos concelhos de Caldas da Rainha, \u00d3bidos, Peniche, Bombarral, Torres Vedras, Cadaval e Lourinh\u00e3 e de parte dos concelhos de Alcoba\u00e7a e de Mafra.<\/p>\n<p><strong>\u00a0 Fonte: GC|CHO<\/strong><\/p>\n","protected":false},"excerpt":{"rendered":"<p>Encontra-se em funcionamento, desde 7 de setembro, a nova \u00c1rea Dedicada para Doentes Respirat\u00f3rios do Servi\u00e7o de Urg\u00eancia (ADR-SU) da Unidade de Caldas da Rainha do Centro Hospitalar do Oeste. A nova ADR-SU localiza-se nas traseiras do edif\u00edcio do Servi\u00e7o de Urg\u00eancia da Unidade de Caldas da Rainha (antigo parque de estacionamento) e tem capacidade [&hellip;]<\/p>\n","protected":false},"author":2,"featured_media":8799,"comment_status":"open","ping_status":"open","sticky":false,"template":"","format":"standard","meta":{"footnotes":""},"categories":[6],"tags":[],"class_list":["post-8795","post","type-post","status-publish","format-standard","has-post-thumbnail","hentry","category-saude"],"_links":{"self":[{"href":"https:\/\/tintafresca.net\/index.php\/wp-json\/wp\/v2\/posts\/8795","targetHints":{"allow":["GET"]}}],"collection":[{"href":"https:\/\/tintafresca.net\/index.php\/wp-json\/wp\/v2\/posts"}],"about":[{"href":"https:\/\/tintafresca.net\/index.php\/wp-json\/wp\/v2\/types\/post"}],"author":[{"embeddable":true,"href":"https:\/\/tintafresca.net\/index.php\/wp-json\/wp\/v2\/users\/2"}],"replies":[{"embeddable":true,"href":"https:\/\/tintafresca.net\/index.php\/wp-json\/wp\/v2\/comments?post=8795"}],"version-history":[{"count":4,"href":"https:\/\/tintafresca.net\/index.php\/wp-json\/wp\/v2\/posts\/8795\/revisions"}],"predecessor-version":[{"id":8801,"href":"https:\/\/tintafresca.net\/index.php\/wp-json\/wp\/v2\/posts\/8795\/revisions\/8801"}],"wp:featuredmedia":[{"embeddable":true,"href":"https:\/\/tintafresca.net\/index.php\/wp-json\/wp\/v2\/media\/8799"}],"wp:attachment":[{"href":"https:\/\/tintafresca.net\/index.php\/wp-json\/wp\/v2\/media?parent=8795"}],"wp:term":[{"taxonomy":"category","embeddable":true,"href":"https:\/\/tintafresca.net\/index.php\/wp-json\/wp\/v2\/categories?post=8795"},{"taxonomy":"post_tag","embeddable":true,"href":"https:\/\/tintafresca.net\/index.php\/wp-json\/wp\/v2\/tags?post=8795"}],"curies":[{"name":"wp","href":"https:\/\/api.w.org\/{rel}","templated":true}]}}