{"id":8823,"date":"2021-09-10T18:57:44","date_gmt":"2021-09-10T18:57:44","guid":{"rendered":"https:\/\/tintafresca.net\/?p=8823"},"modified":"2021-09-10T22:30:01","modified_gmt":"2021-09-10T22:30:01","slug":"leziria-do-tejo-medio-tejo-e-beira-baixa-defendem-concretizacao-da-construcao-da-barragem-do-alvito-2","status":"publish","type":"post","link":"https:\/\/tintafresca.net\/index.php\/2021\/09\/10\/leziria-do-tejo-medio-tejo-e-beira-baixa-defendem-concretizacao-da-construcao-da-barragem-do-alvito-2\/","title":{"rendered":"Lez\u00edria do Tejo, M\u00e9dio Tejo e Beira Baixa assinam memorando para a constru\u00e7\u00e3o da barragem do Alvito"},"content":{"rendered":"<div id=\"attachment_8825\" style=\"width: 510px\" class=\"wp-caption alignleft\"><img loading=\"lazy\" decoding=\"async\" aria-describedby=\"caption-attachment-8825\" class=\"wp-image-8825 size-full\" src=\"https:\/\/tintafresca.net\/wp-content\/uploads\/2021\/09\/CIMLT_Cerimonia30.jpg\" alt=\"\" width=\"500\" height=\"375\" srcset=\"https:\/\/tintafresca.net\/wp-content\/uploads\/2021\/09\/CIMLT_Cerimonia30.jpg 500w, https:\/\/tintafresca.net\/wp-content\/uploads\/2021\/09\/CIMLT_Cerimonia30-300x225.jpg 300w\" sizes=\"auto, (max-width: 500px) 100vw, 500px\" \/><p id=\"caption-attachment-8825\" class=\"wp-caption-text\">Vasco Estrela, Pedro Ribeiro e Lu\u00eds Pereira<\/p><\/div>\n<p>As Comunidades Intermunicipais (CIM) da Lez\u00edria do Tejo, M\u00e9dio Tejo e Beira Baixa assinaram, no dia 9 de setembro, na AGROGLOBAL, no Cartaxo, um documento conjunto com vista \u00e0 concretiza\u00e7\u00e3o da constru\u00e7\u00e3o da Barragem do Alvito, no rio Ocreza.<\/p>\n<p>O documento foi assinado pelos presidentes das Comunidades Intermunicipais da Lez\u00edria do Tejo e da Beira Baixa, Pedro Ribeiro e Lu\u00eds Pereira respetivamente, e pelo vice-presidente da Comunidade Intermunicipal do M\u00e9dio Tejo, Vasco Estrela, que consideram a concretiza\u00e7\u00e3o desta constru\u00e7\u00e3o um fator decisivo para a sustentabilidade dos seus territ\u00f3rios e das atividades econ\u00f3micas que dependem deste recurso.<br \/>\nAntes da cerim\u00f3nia de assinatura decorreu uma apresenta\u00e7\u00e3o sobre \u201cA Barragem do Alvito: armazenar para melhor gerir\u201d, pelo diretor do Servi\u00e7o de Hidr\u00e1ulica e Ambiente da TPF &#8211; Consultores de Engenharia e Arquitetura, SA, M\u00e1rio Samora.<\/p>\n<p>De lembrar que a CIMLT participou na AGROGLOBAL 2021, num stand dinamizado em conjunto pela CIMLT, Associa\u00e7\u00e3o dos Agricultores do Ribatejo, Munic\u00edpio de Santar\u00e9m, Munic\u00edpio do Cartaxo e \u00c1guas de Santar\u00e9m. O certame terminou hoje.<\/p>\n<p><strong>\u00a0 \u00a0 \u00a0 Memorando de entendimento<\/strong><\/p>\n<p>Considerando o impacto direto da constru\u00e7\u00e3o da Barragem com fins m\u00faltiplos nas Regi\u00f5es da Beira Baixa, M\u00e9dio Tejo e Lez\u00edria do Tejo, um fator decisivo para a sustentabilidade do seu desenvolvimento;<\/p>\n<p>Considerando que a Bacia do Tejo integra as \u00e1reas de regadio mais importantes que temos no Pa\u00eds, com forte impacto nas exporta\u00e7\u00f5es e no equil\u00edbrio da nossa balan\u00e7a comercial;<\/p>\n<p>Considerando que os caudais lan\u00e7ados pela barragem de Alc\u00e2ntara em dire\u00e7\u00e3o a Portugal durante o per\u00edodo cr\u00edtico de estiagem s\u00e3o extremamente irregulares, tornando dif\u00edcil o seu aproveitamento no nosso pa\u00eds sem dispor de armazenamento adicional;<\/p>\n<p>Considerando que a capacidade de regulariza\u00e7\u00e3o no leito do Rio Tejo \u00e9 praticamente nula, pois as barragens do Fratel e de Belver s\u00e3o fios de \u00e1gua;<\/p>\n<p>Considerando que atualmente o Pa\u00eds apenas tem alguma capacidade de controlo no caudal do Tejo, quando ele j\u00e1 vai a meio do territ\u00f3rio, a partir de Const\u00e2ncia, utilizando os caudais dispon\u00edveis nas Barragens do seu afluente, o Rio Z\u00eazere;<\/p>\n<p>Considerando que \u00e9 muito importante construir em Portugal aproveitamentos com capacidade de armazenamento que nos coloque ao abrigo de qualquer falha proveniente dos usos dados a \u00e1gua que vem de Espanha (j\u00e1 o fizemos na bacia do Douro e o mesmo foi feito no Guadiana com o Alqueva), e de per\u00edodos de seca prolongados;<\/p>\n<p>Considerando a urg\u00eancia de concretiza\u00e7\u00e3o desta obra, para atenuar o efeito das altera\u00e7\u00f5es clim\u00e1ticas, cada vez mais evidentes; As CIM da Lez\u00edria do Tejo, M\u00e9dio Tejo e Beira Baixa, tendo em conta que a Bacia do Tejo \u00e9 a \u201cespinha dorsal\u201d do sistema h\u00eddrico e da organiza\u00e7\u00e3o do Territ\u00f3rio Nacional, consideram como des\u00edgnio nacional e investimento priorit\u00e1rio a constru\u00e7\u00e3o da barragem do Alvito, no rio Ocreza, com fins m\u00faltiplos.<\/p>\n<p>Trata-se de um investimento n\u00e3o muito vultuoso, que tem sido adiado h\u00e1 v\u00e1rias d\u00e9cadas, e cujos estudos j\u00e1 est\u00e3o prometidos pelo Governo desde abril de 2019. Em pleno s\u00e9culo XXI, Barragem cheia 2030 \u00e9 um objetivo realista, que depende apenas da vontade pol\u00edtica para o assumir como priorit\u00e1rio.<\/p>\n<p>Neste contexto, v\u00eam as referidas CIM solicitar que seja concretizada a constru\u00e7\u00e3o da barragem do Alvito, no rio Ocreza, como fator decisivo para a sustentabilidade dos seus territ\u00f3rios e das atividades econ\u00f3micas que dependem deste recurso.<\/p>\n<p><strong>\u00a0 \u00a0 \u00a0 Fonte: CIMLT<\/strong><\/p>\n","protected":false},"excerpt":{"rendered":"<p>As Comunidades Intermunicipais (CIM) da Lez\u00edria do Tejo, M\u00e9dio Tejo e Beira Baixa assinaram, no dia 9 de setembro, na AGROGLOBAL, no Cartaxo, um documento conjunto com vista \u00e0 concretiza\u00e7\u00e3o da constru\u00e7\u00e3o da Barragem do Alvito, no rio Ocreza. O documento foi assinado pelos presidentes das Comunidades Intermunicipais da Lez\u00edria do Tejo e da Beira [&hellip;]<\/p>\n","protected":false},"author":2,"featured_media":8826,"comment_status":"open","ping_status":"open","sticky":false,"template":"","format":"standard","meta":{"footnotes":""},"categories":[9,7],"tags":[],"class_list":["post-8823","post","type-post","status-publish","format-standard","has-post-thumbnail","hentry","category-ambiente","category-economia"],"_links":{"self":[{"href":"https:\/\/tintafresca.net\/index.php\/wp-json\/wp\/v2\/posts\/8823","targetHints":{"allow":["GET"]}}],"collection":[{"href":"https:\/\/tintafresca.net\/index.php\/wp-json\/wp\/v2\/posts"}],"about":[{"href":"https:\/\/tintafresca.net\/index.php\/wp-json\/wp\/v2\/types\/post"}],"author":[{"embeddable":true,"href":"https:\/\/tintafresca.net\/index.php\/wp-json\/wp\/v2\/users\/2"}],"replies":[{"embeddable":true,"href":"https:\/\/tintafresca.net\/index.php\/wp-json\/wp\/v2\/comments?post=8823"}],"version-history":[{"count":3,"href":"https:\/\/tintafresca.net\/index.php\/wp-json\/wp\/v2\/posts\/8823\/revisions"}],"predecessor-version":[{"id":8828,"href":"https:\/\/tintafresca.net\/index.php\/wp-json\/wp\/v2\/posts\/8823\/revisions\/8828"}],"wp:featuredmedia":[{"embeddable":true,"href":"https:\/\/tintafresca.net\/index.php\/wp-json\/wp\/v2\/media\/8826"}],"wp:attachment":[{"href":"https:\/\/tintafresca.net\/index.php\/wp-json\/wp\/v2\/media?parent=8823"}],"wp:term":[{"taxonomy":"category","embeddable":true,"href":"https:\/\/tintafresca.net\/index.php\/wp-json\/wp\/v2\/categories?post=8823"},{"taxonomy":"post_tag","embeddable":true,"href":"https:\/\/tintafresca.net\/index.php\/wp-json\/wp\/v2\/tags?post=8823"}],"curies":[{"name":"wp","href":"https:\/\/api.w.org\/{rel}","templated":true}]}}