{"id":884,"date":"2021-01-27T19:56:28","date_gmt":"2021-01-27T18:56:28","guid":{"rendered":"https:\/\/tintafresca.net\/?p=884"},"modified":"2021-01-27T20:10:15","modified_gmt":"2021-01-27T19:10:15","slug":"presidente-da-camara-de-pombal-prescinde-de-ser-vacinado-contra-a-covid-19","status":"publish","type":"post","link":"https:\/\/tintafresca.net\/index.php\/2021\/01\/27\/presidente-da-camara-de-pombal-prescinde-de-ser-vacinado-contra-a-covid-19\/","title":{"rendered":"Presidente da C\u00e2mara de Pombal prescinde de ser vacinado contra a Covid-19"},"content":{"rendered":"<div id=\"attachment_885\" style=\"width: 351px\" class=\"wp-caption alignleft\"><img loading=\"lazy\" decoding=\"async\" aria-describedby=\"caption-attachment-885\" class=\"wp-image-885 size-full\" src=\"https:\/\/tintafresca.net\/wp-content\/uploads\/2021\/01\/Pombal_Diogo_Mateus02.jpg\" alt=\"\" width=\"341\" height=\"531\" srcset=\"https:\/\/tintafresca.net\/wp-content\/uploads\/2021\/01\/Pombal_Diogo_Mateus02.jpg 341w, https:\/\/tintafresca.net\/wp-content\/uploads\/2021\/01\/Pombal_Diogo_Mateus02-193x300.jpg 193w\" sizes=\"auto, (max-width: 341px) 100vw, 341px\" \/><p id=\"caption-attachment-885\" class=\"wp-caption-text\">Diogo Mateus<\/p><\/div>\n<p>O presidente da C\u00e2mara Municipal de Pombal, Diogo Alves Mateus, n\u00e3o pretende ser vacinado contra a Covid-19, no \u00e2mbito do Despacho n\u00ba 1090-D\/2021 da Presid\u00eancia do Conselho de Ministros que define os presidentes de C\u00e2maras Municipais, enquanto respons\u00e1veis principais da prote\u00e7\u00e3o civil, como priorit\u00e1rios no processo de vacina\u00e7\u00e3o.<\/p>\n<p>\u201cDefendo que todos os cidad\u00e3os se vacinem, que o Estado deve ser criterioso e que o Plano Nacional de Vacina\u00e7\u00e3o seja executado a um ritmo muito elevado\u201d, considera o autarca, frisando que prescinde da vacina\u00e7\u00e3o a favor de todos os cidad\u00e3os com mais de 80 anos.<\/p>\n<p>Na opini\u00e3o de Diogo Alves Mateus, a publica\u00e7\u00e3o do Despacho do Primeiro-Ministro, datado de 26 de janeiro, \u201cresulta de um processo lament\u00e1vel de atropelo e respeito pelas pessoas mais priorit\u00e1rias e mais confrontadas com o risco, como m\u00e9dicos, enfermeiros, assistentes e administrativos dos hospitais e centros de sa\u00fade, assim como os maiores de 80 anos de idade, onde se regista maior n\u00famero de \u00f3bitos\u201d<\/p>\n<p><strong>\u00a0 \u00a0 Fonte: GC|CMP<\/strong><\/p>\n","protected":false},"excerpt":{"rendered":"<p>O presidente da C\u00e2mara Municipal de Pombal, Diogo Alves Mateus, n\u00e3o pretende ser vacinado contra a Covid-19, no \u00e2mbito do Despacho n\u00ba 1090-D\/2021 da Presid\u00eancia do Conselho de Ministros que define os presidentes de C\u00e2maras Municipais, enquanto respons\u00e1veis principais da prote\u00e7\u00e3o civil, como priorit\u00e1rios no processo de vacina\u00e7\u00e3o. \u201cDefendo que todos os cidad\u00e3os se vacinem, [&hellip;]<\/p>\n","protected":false},"author":2,"featured_media":885,"comment_status":"open","ping_status":"open","sticky":false,"template":"","format":"standard","meta":{"footnotes":""},"categories":[6],"tags":[],"class_list":["post-884","post","type-post","status-publish","format-standard","has-post-thumbnail","hentry","category-saude"],"_links":{"self":[{"href":"https:\/\/tintafresca.net\/index.php\/wp-json\/wp\/v2\/posts\/884","targetHints":{"allow":["GET"]}}],"collection":[{"href":"https:\/\/tintafresca.net\/index.php\/wp-json\/wp\/v2\/posts"}],"about":[{"href":"https:\/\/tintafresca.net\/index.php\/wp-json\/wp\/v2\/types\/post"}],"author":[{"embeddable":true,"href":"https:\/\/tintafresca.net\/index.php\/wp-json\/wp\/v2\/users\/2"}],"replies":[{"embeddable":true,"href":"https:\/\/tintafresca.net\/index.php\/wp-json\/wp\/v2\/comments?post=884"}],"version-history":[{"count":2,"href":"https:\/\/tintafresca.net\/index.php\/wp-json\/wp\/v2\/posts\/884\/revisions"}],"predecessor-version":[{"id":887,"href":"https:\/\/tintafresca.net\/index.php\/wp-json\/wp\/v2\/posts\/884\/revisions\/887"}],"wp:featuredmedia":[{"embeddable":true,"href":"https:\/\/tintafresca.net\/index.php\/wp-json\/wp\/v2\/media\/885"}],"wp:attachment":[{"href":"https:\/\/tintafresca.net\/index.php\/wp-json\/wp\/v2\/media?parent=884"}],"wp:term":[{"taxonomy":"category","embeddable":true,"href":"https:\/\/tintafresca.net\/index.php\/wp-json\/wp\/v2\/categories?post=884"},{"taxonomy":"post_tag","embeddable":true,"href":"https:\/\/tintafresca.net\/index.php\/wp-json\/wp\/v2\/tags?post=884"}],"curies":[{"name":"wp","href":"https:\/\/api.w.org\/{rel}","templated":true}]}}