{"id":8853,"date":"2021-09-12T10:48:09","date_gmt":"2021-09-12T10:48:09","guid":{"rendered":"https:\/\/tintafresca.net\/?p=8853"},"modified":"2021-09-12T11:00:32","modified_gmt":"2021-09-12T11:00:32","slug":"deputados-do-psd-do-circulo-de-leiria-questionam-nova-uci-no-centro-hospitalar-do-oeste","status":"publish","type":"post","link":"https:\/\/tintafresca.net\/index.php\/2021\/09\/12\/deputados-do-psd-do-circulo-de-leiria-questionam-nova-uci-no-centro-hospitalar-do-oeste\/","title":{"rendered":"Deputados PSD do c\u00edrculo de Leiria questionam nova UCI no Centro Hospitalar do Oeste"},"content":{"rendered":"<div id=\"attachment_8855\" style=\"width: 509px\" class=\"wp-caption alignleft\"><img loading=\"lazy\" decoding=\"async\" aria-describedby=\"caption-attachment-8855\" class=\"wp-image-8855 size-full\" src=\"https:\/\/tintafresca.net\/wp-content\/uploads\/2021\/09\/Alcobaca_Hugo_Oliveira100.jpg\" alt=\"\" width=\"499\" height=\"383\" srcset=\"https:\/\/tintafresca.net\/wp-content\/uploads\/2021\/09\/Alcobaca_Hugo_Oliveira100.jpg 499w, https:\/\/tintafresca.net\/wp-content\/uploads\/2021\/09\/Alcobaca_Hugo_Oliveira100-300x230.jpg 300w\" sizes=\"auto, (max-width: 499px) 100vw, 499px\" \/><p id=\"caption-attachment-8855\" class=\"wp-caption-text\">Hugo Oliveira<\/p><\/div>\n<p>Os deputados do PSD do c\u00edrculo de Leiria questionaram, no dia 8 de setembro, a ministra da Sa\u00fade sobre o Centro Hospitalar do Oeste, nomeadamente sobre o Hospital das Caldas da Rainha. Hugo Patr\u00edcio Oliveira, Margarida Balseiro Lopes, Pedro Roque, Olga Silvestre e Jo\u00e3o Gomes Marques recordam que, no dia 30 de abril, o secret\u00e1rio de Estado de Sa\u00fade anunciou a cria\u00e7\u00e3o de uma Unidade de Cuidados Intensivos (UCI) no Centro Hospitalar do Oeste, funcionando simultaneamente nos hospitais das Caldas da Rainha e de Torres Vedras e que ser\u00e1 dotada de 12 camas, alertando que, para uma UCI funcionar no CHO, dever\u00e1 ser necess\u00e1rio formar intensivistas e, neste caso, ser\u00e3o necess\u00e1rios, pelo menos, oito m\u00e9dicos com a referida especialidade cl\u00ednica.<\/p>\n<p>Os parlamentares real\u00e7am ainda \u201co consabido atraso na conclus\u00e3o das obras de remodela\u00e7\u00e3o e amplia\u00e7\u00e3o do servi\u00e7o de urg\u00eancia m\u00e9dico-cir\u00fargica da Unidade das Caldas da Rainha, que tem acarretado uma sobrelota\u00e7\u00e3o fortemente lesiva dos direitos dos utentes do SNS ali internados, os quais \u201cdesesperam\u201d durante horas e mesmo dias em macas nos corredores.\u201d<\/p>\n<p>Por outro lado, sabendo-se da necessidade das obras na Obstetr\u00edcia e Neonatologia, os deputados sociais democratas consideram que \u201ctardam as decis\u00f5es sobre o futuro destas especialidades no hospital das Caldas da Rainha\u201d e que, \u201capesar de aprovado, o hospital de dia de diabetes para o hospital das Caldas da Rainha, ainda n\u00e3o foi instalado.\u201d<\/p>\n<p>Os deputados do Grupo Parlamentar do PSD questionam ministra da Sa\u00fade, porque raz\u00e3o s\u00f3 foram abertas duas vagas para a especializa\u00e7\u00e3o de intensivistas para o UCI do CHO, tendo por base o j\u00e1 referido sobre a necessidade de forma\u00e7\u00e3o para pelo menos oito intensivistas para que a UCI seja uma realidade e, por isso, pretendem saber se v\u00e3o ser abertas mais vagas.<\/p>\n<p>Hugo Patr\u00edcio Oliveira, Margarida Balseiro Lopes, Pedro Roque, Olga Silvestre e Jo\u00e3o Gomes Marques querem ainda saber qual a politica de atratividade para fixa\u00e7\u00e3o de profissionais de sa\u00fade na abrang\u00eancia do CHO, que a ministra da Sa\u00fade preconiza.<\/p>\n<p>Al\u00e9m disso, qual \u00e9 a data prevista para a conclus\u00e3o das obras de remodela\u00e7\u00e3o e amplia\u00e7\u00e3o do servi\u00e7o de urg\u00eancia m\u00e9dico-cir\u00fargica da Unidade das Caldas da Rainha?<\/p>\n<p>Ao parlamentares pedem tamb\u00e9m um ponto de situa\u00e7\u00e3o dos projetos para as obras na Obstetr\u00edcia e de Neonatologia, da instala\u00e7\u00e3o do hospital de dia de diabetes e da ADR \u2013 \u00c1rea dedicada a doentes respirat\u00f3rios, nomeadamente a utiliza\u00e7\u00e3o do \u201ccontentor\u201d adquirido para o efeito e qual o investimento efetuado at\u00e9 ao momento com este servi\u00e7o.<\/p>\n<p>Os deputados perguntam ainda qual o prazo para a conclus\u00e3o do Plano Diretor do CHO e quais as suas linhas mestras, bem como, tendo em conta as candidaturas aprovadas no \u00e2mbito do SAMA com o intuito de modernizar os servi\u00e7os, nomeadamente \u201cCHOESTE 4 All no valor de 999.957,00\u20ac , \u201cCHO `NECT\u201d no valor de 820.400,00\u20ac, \u201c+CHO na senda da Qualidade\u201d, no valor de 438.180,00\u20ac, \u201cCertifica\u00e7\u00e3o da qualidade\u201d no valor de 633.880,00\u20ac\u201cCH Oeste sem Papel\u201d no valor de 826.694,25\u20ac, qual \u00e9 o ponto de situa\u00e7\u00e3o de cada uma das candidaturas aprovadas, incluindo taxa de execu\u00e7\u00e3o das mesmas.<\/p>\n<p>Sem perder no horizonte a constru\u00e7\u00e3o de um novo Hospital do Oeste, e sabendo que a sua concretiza\u00e7\u00e3o dificilmente decorrer\u00e1 antes de uma d\u00e9cada, os deputados do PSD questionam a ministra da Sa\u00fade sobre a eventual amplia\u00e7\u00e3o do Hospital das Caldas da Rainha, para fazer face aos desafios nesse per\u00edodo criando condi\u00e7\u00f5es de trabalho para os profissionais e com consequ\u00eancia imediata na melhoria do acesso aos servi\u00e7os de sa\u00fade por parte dos utentes e querem saber a posi\u00e7\u00e3o de Marta Temido sobre a eventual revers\u00e3o do CHO, novamente em Centro Hospitalar do Oeste Norte e Centro Hospitalar do Oeste Sul.<\/p>\n<p>Por fim, Hugo Patr\u00edcio Oliveira, Margarida Balseiro Lopes, Pedro Roque, Olga Silvestre e Jo\u00e3o Gomes Marques perguntam \u201cpara quando o aumento do capital estatut\u00e1rio da Empresa P\u00fablica Empresarial (EPE) Centro Hospitalar do Oeste e, tendo em conta o total desfasamento da classifica\u00e7\u00e3o dos hospitais face as realidades do\u00a0pa\u00eds e mais concretamente da regi\u00e3o, com a consequ\u00eancia \u00f3bvia no seu financiamento,\u00a0para quando a reclassifica\u00e7\u00e3o do Hospital das Caldas da Rainha?\u201d<\/p>\n","protected":false},"excerpt":{"rendered":"<p>Os deputados do PSD do c\u00edrculo de Leiria questionaram, no dia 8 de setembro, a ministra da Sa\u00fade sobre o Centro Hospitalar do Oeste, nomeadamente sobre o Hospital das Caldas da Rainha. Hugo Patr\u00edcio Oliveira, Margarida Balseiro Lopes, Pedro Roque, Olga Silvestre e Jo\u00e3o Gomes Marques recordam que, no dia 30 de abril, o secret\u00e1rio [&hellip;]<\/p>\n","protected":false},"author":2,"featured_media":8857,"comment_status":"open","ping_status":"open","sticky":false,"template":"","format":"standard","meta":{"footnotes":""},"categories":[6],"tags":[],"class_list":["post-8853","post","type-post","status-publish","format-standard","has-post-thumbnail","hentry","category-saude"],"_links":{"self":[{"href":"https:\/\/tintafresca.net\/index.php\/wp-json\/wp\/v2\/posts\/8853","targetHints":{"allow":["GET"]}}],"collection":[{"href":"https:\/\/tintafresca.net\/index.php\/wp-json\/wp\/v2\/posts"}],"about":[{"href":"https:\/\/tintafresca.net\/index.php\/wp-json\/wp\/v2\/types\/post"}],"author":[{"embeddable":true,"href":"https:\/\/tintafresca.net\/index.php\/wp-json\/wp\/v2\/users\/2"}],"replies":[{"embeddable":true,"href":"https:\/\/tintafresca.net\/index.php\/wp-json\/wp\/v2\/comments?post=8853"}],"version-history":[{"count":4,"href":"https:\/\/tintafresca.net\/index.php\/wp-json\/wp\/v2\/posts\/8853\/revisions"}],"predecessor-version":[{"id":8859,"href":"https:\/\/tintafresca.net\/index.php\/wp-json\/wp\/v2\/posts\/8853\/revisions\/8859"}],"wp:featuredmedia":[{"embeddable":true,"href":"https:\/\/tintafresca.net\/index.php\/wp-json\/wp\/v2\/media\/8857"}],"wp:attachment":[{"href":"https:\/\/tintafresca.net\/index.php\/wp-json\/wp\/v2\/media?parent=8853"}],"wp:term":[{"taxonomy":"category","embeddable":true,"href":"https:\/\/tintafresca.net\/index.php\/wp-json\/wp\/v2\/categories?post=8853"},{"taxonomy":"post_tag","embeddable":true,"href":"https:\/\/tintafresca.net\/index.php\/wp-json\/wp\/v2\/tags?post=8853"}],"curies":[{"name":"wp","href":"https:\/\/api.w.org\/{rel}","templated":true}]}}