{"id":8912,"date":"2021-09-14T15:20:17","date_gmt":"2021-09-14T15:20:17","guid":{"rendered":"https:\/\/tintafresca.net\/?p=8912"},"modified":"2021-09-14T15:22:29","modified_gmt":"2021-09-14T15:22:29","slug":"termas-centro-classic-cars-levou-43-carros-classicos-a-descobrirem-encantos-da-regiao-centro","status":"publish","type":"post","link":"https:\/\/tintafresca.net\/index.php\/2021\/09\/14\/termas-centro-classic-cars-levou-43-carros-classicos-a-descobrirem-encantos-da-regiao-centro\/","title":{"rendered":"\u201cTermas Centro Classic Cars\u201d levou 43 carros cl\u00e1ssicos a descobrirem encantos da Regi\u00e3o Centro"},"content":{"rendered":"<div id=\"attachment_8914\" style=\"width: 510px\" class=\"wp-caption alignleft\"><img loading=\"lazy\" decoding=\"async\" aria-describedby=\"caption-attachment-8914\" class=\"wp-image-8914 size-full\" src=\"https:\/\/tintafresca.net\/wp-content\/uploads\/2021\/09\/Termas-Centro-Classic-Cars-2021_10.jpg\" alt=\"\" width=\"500\" height=\"333\" srcset=\"https:\/\/tintafresca.net\/wp-content\/uploads\/2021\/09\/Termas-Centro-Classic-Cars-2021_10.jpg 500w, https:\/\/tintafresca.net\/wp-content\/uploads\/2021\/09\/Termas-Centro-Classic-Cars-2021_10-300x200.jpg 300w\" sizes=\"auto, (max-width: 500px) 100vw, 500px\" \/><p id=\"caption-attachment-8914\" class=\"wp-caption-text\">Carro cl\u00e1ssico junto a um espigueiro<\/p><\/div>\n<p>A segunda edi\u00e7\u00e3o da iniciativa \u201cTermas Centro Classic Cars\u201d, que levou 43 autom\u00f3veis cl\u00e1ssicos e desportivos a descobrir est\u00e2ncias termais da Regi\u00e3o Centro, constituiu, segundo a organiza\u00e7\u00e3o, um enorme sucesso e deixou em todos os participantes a vontade de repetir a experi\u00eancia em novas edi\u00e7\u00f5es.<\/p>\n<p>Durante tr\u00eas dias, de 10 a 12 de setembro, os participantes tiveram oportunidade de conhecer as Termas de Luso, Sangemil, Vale da M\u00f3 e S\u00e3o Pedro do Sul, assim como as principais atra\u00e7\u00f5es tur\u00edsticas e paisagens dos territ\u00f3rios onde as est\u00e2ncias termais est\u00e3o implantadas, num estimulante programa que aliou a cultura ao lazer e \u00e0 gastronomia.<\/p>\n<p>O evento resultou de uma parceria entre a rede Termas Centro e o Clube Escape Livre e insere-se no ciclo de anima\u00e7\u00e3o \u201cViva Termas Centro\u201d, promovido pelas Termas Centro nas suas est\u00e2ncias termais. A iniciativa serviu tamb\u00e9m para o Clube Escape Livre assinalar o seu 35.\u00ba anivers\u00e1rio, j\u00e1 que foi fundado em 12 de setembro de 1986.<\/p>\n<p>A ades\u00e3o \u00e0 iniciativa foi muito grande, com os participantes a chegarem de todos os cantos do pa\u00eds, desde Lisboa, Porto ou Coimbra, at\u00e9 Leiria, Castelo Branco ou Vila Vi\u00e7osa, por exemplo. O tempo esteve muito agrad\u00e1vel durante todo o fim de semana, sem que a chuva tivesse aparecido. O programa e o percurso foram muito elogiados, destacando-se uma etapa de montanha considerada \u201cespetacular\u201d, que ligou Luso, Caramulo e S\u00e3o Pedro do Sul.<\/p>\n<p>O percurso desenhado para os tr\u00eas dias privilegiou, ali\u00e1s, as estradas inseridas em grandes paisagens e com muita hist\u00f3ria. Destacaram-se, entre outras, as visitas \u00e0 Cruz Alta, ponto mais alto da Serra do Bu\u00e7aco, \u00e0 barragem da Aguieira, \u00e0 adega de Santar ou ao Museu do Caramulo, al\u00e9m das Termas de Luso, Sangemil, Vale da M\u00f3 e S\u00e3o Pedro do Sul.<\/p>\n<p>O roteiro teve in\u00edcio na sexta-feira, dia 10, com a apresenta\u00e7\u00e3o do evento aos participantes e \u00e0 comunica\u00e7\u00e3o social, numa cerim\u00f3nia no Grande Hotel de Luso. Aqui, houve tamb\u00e9m lugar a um jantar de boas-vindas, com apresenta\u00e7\u00e3o das Termas de Luso.<\/p>\n<p>A etapa de s\u00e1bado come\u00e7ou com um coffee break no Montebelo Aguieira Lake Resort &amp; Spa, onde os participantes tiveram oportunidade de apreciar uma vista \u00fanica da barragem da Aguieira. Seguiu-se uma visita \u00e0 vila de Santar, com uma rece\u00e7\u00e3o no Pa\u00e7o dos Cunhas, seguida de almo\u00e7o e de visita guiada \u00e0 Adega de Santar, em que as equipas acompanharam todo o processo de vindima em curso. \u00c0 tarde, houve tempo para parar nas Termas de Sangemil, onde, no seu magnifico espa\u00e7o exterior, os participantes tomaram um caf\u00e9 e receberam a oferta de um saco com documenta\u00e7\u00e3o. O dia terminou com uma visita \u00e0s Caves Alian\u00e7a e ao Alian\u00e7a Underground Museum, na Anadia, seguida de jantar em plena Adega, tendo depois os participantes regressado ao Grande Hotel de Luso.<\/p>\n<p>O domingo teve in\u00edcio com uma passagem pelas Termas do Vale da M\u00f3, seguindo-se a Serra do Caramulo, onde as equipas visitaram o Museu do Caramulo. A comitiva seguiu ent\u00e3o para as Termas de S\u00e3o Pedro do Sul, para um almo\u00e7o de encerramento no Grande Hotel das Thermas. Aqui, teve lugar a entrega dos trof\u00e9us Spal e foram expostos os 43 ve\u00edculos participantes junto ao lago, o que mereceu a aten\u00e7\u00e3o de muitos transeuntes. Houve ainda tempo para uma visita guiada \u00e0s Termas de S\u00e3o Pedro do Sul, nomeadamente ao Balne\u00e1rio Romano e ao Balne\u00e1rio Rainha D. Am\u00e9lia.<\/p>\n<p>O programa dos tr\u00eas dias foi complementado com uma oferta gastron\u00f3mica de elevado n\u00edvel, que deu a conhecer aos participantes as especialidades da regi\u00e3o.<\/p>\n<p>Entre os autom\u00f3veis cl\u00e1ssicos e desportivos que puderam ser vistos nas estradas da regi\u00e3o, houve exemplares de grande raridade e beleza. S\u00e3o os casos, por exemplo, do MG B GT, do Citro\u00ebn DS, do Ferrari 400, do Austin Healey Sprite, do Mercedes 300 SL, do Matra Murena e do Jaguar E-Type, al\u00e9m de outros modelos de excecional qualidade.<\/p>\n<p><strong>Matos e Prata, concession\u00e1rio da BMW, garantiu a viatura oficial da \u201cTermas Centro Classic Cars\u201d<\/strong><\/p>\n<p>Adriano Barreto Ramos, coordenador da rede Termas Centro, sublinha que \u201co grande sucesso que o \u2018Termas Centro Classic Cars\u2019 evento registou no ano passado tornou obrigat\u00f3rio que realiz\u00e1ssemos uma segunda edi\u00e7\u00e3o, a qual superou todas as expetativas\u201d.\u00a0 \u201cMais uma vez, ficou comprovado que esta \u00e9 uma excelente forma de dar a conhecer as est\u00e2ncias termais da regi\u00e3o aos adeptos dos autom\u00f3veis cl\u00e1ssicos. Os participantes chegaram ao final plenamente satisfeitos com um fim de semana de puro lazer. As experi\u00eancias termais, paisag\u00edsticas de que desfrutaram, criaram em todos a vontade de que haja mais edi\u00e7\u00f5es\u201d, acrescenta.<\/p>\n<p>De acordo com Lu\u00eds Cel\u00ednio, presidente do Clube Escape Livre, \u201cesta segunda edi\u00e7\u00e3o do Termas Centro Classic Cars constituiu mais um enorme sucesso, nas palavras dos participantes. Fazer sempre melhor \u00e9 o objetivo que anima o Escape Livre. Estamos dispon\u00edveis, por isso, para trabalhar de forma a concretizar uma terceira edi\u00e7\u00e3o, em que possamos visitar outro n\u00facleo importante das Termas Centro\u201d.<\/p>\n<p><strong>Sobre a rede Termas Centro<\/strong><\/p>\n<p>A rede Termas Centro, cujo promotor l\u00edder \u00e9 a Associa\u00e7\u00e3o das Termas de Portugal &#8211; Delega\u00e7\u00e3o Centro &#8211; \u00e9 um projeto cofinanciado pelos programas operacionais Centro 2020, Portugal 2020 e pela Uni\u00e3o Europeia, atrav\u00e9s do Fundo Europeu de Desenvolvimento Regional (FEDER), no \u00e2mbito da Estrat\u00e9gia de Efici\u00eancia Coletiva PROVERE (Programa de Valoriza\u00e7\u00e3o Econ\u00f3mica de Recursos End\u00f3genos).<\/p>\n<p>Um total de 20 est\u00e2ncias termais da regi\u00e3o Centro integram o cons\u00f3rcio, representando 60 por cento do mercado nacional. A saber: Termas de Alcafache, Termas de Almeida &#8211; Fonte Santa, Termas de \u00c1guas &#8211; Penamacor, Termas do Bicanho, Caldas da Felgueira, Caldas da Rainha, Termas do Carvalhal, Termas da Curia, Termas do Cr\u00f3, Termas da Ladeira de Envendos, Termas de Longroiva, Termas de Luso, Termas de Manteigas, Termas de Monfortinho, Termas da Piedade, Termas de Sangemil, Termas de S\u00e3o Pedro do Sul, Termas de Unhais da Serra, Termas de Vale da M\u00f3 e Termas do Vimeiro.<\/p>\n<p><strong>\u00a0 \u00a0 Fonte: TCP e AdC<\/strong><\/p>\n","protected":false},"excerpt":{"rendered":"<p>A segunda edi\u00e7\u00e3o da iniciativa \u201cTermas Centro Classic Cars\u201d, que levou 43 autom\u00f3veis cl\u00e1ssicos e desportivos a descobrir est\u00e2ncias termais da Regi\u00e3o Centro, constituiu, segundo a organiza\u00e7\u00e3o, um enorme sucesso e deixou em todos os participantes a vontade de repetir a experi\u00eancia em novas edi\u00e7\u00f5es. Durante tr\u00eas dias, de 10 a 12 de setembro, os [&hellip;]<\/p>\n","protected":false},"author":2,"featured_media":8915,"comment_status":"open","ping_status":"open","sticky":false,"template":"","format":"standard","meta":{"footnotes":""},"categories":[6,11],"tags":[],"class_list":["post-8912","post","type-post","status-publish","format-standard","has-post-thumbnail","hentry","category-saude","category-sociedade"],"_links":{"self":[{"href":"https:\/\/tintafresca.net\/index.php\/wp-json\/wp\/v2\/posts\/8912","targetHints":{"allow":["GET"]}}],"collection":[{"href":"https:\/\/tintafresca.net\/index.php\/wp-json\/wp\/v2\/posts"}],"about":[{"href":"https:\/\/tintafresca.net\/index.php\/wp-json\/wp\/v2\/types\/post"}],"author":[{"embeddable":true,"href":"https:\/\/tintafresca.net\/index.php\/wp-json\/wp\/v2\/users\/2"}],"replies":[{"embeddable":true,"href":"https:\/\/tintafresca.net\/index.php\/wp-json\/wp\/v2\/comments?post=8912"}],"version-history":[{"count":4,"href":"https:\/\/tintafresca.net\/index.php\/wp-json\/wp\/v2\/posts\/8912\/revisions"}],"predecessor-version":[{"id":8918,"href":"https:\/\/tintafresca.net\/index.php\/wp-json\/wp\/v2\/posts\/8912\/revisions\/8918"}],"wp:featuredmedia":[{"embeddable":true,"href":"https:\/\/tintafresca.net\/index.php\/wp-json\/wp\/v2\/media\/8915"}],"wp:attachment":[{"href":"https:\/\/tintafresca.net\/index.php\/wp-json\/wp\/v2\/media?parent=8912"}],"wp:term":[{"taxonomy":"category","embeddable":true,"href":"https:\/\/tintafresca.net\/index.php\/wp-json\/wp\/v2\/categories?post=8912"},{"taxonomy":"post_tag","embeddable":true,"href":"https:\/\/tintafresca.net\/index.php\/wp-json\/wp\/v2\/tags?post=8912"}],"curies":[{"name":"wp","href":"https:\/\/api.w.org\/{rel}","templated":true}]}}