{"id":896,"date":"2021-01-28T10:07:23","date_gmt":"2021-01-28T09:07:23","guid":{"rendered":"https:\/\/tintafresca.net\/?p=896"},"modified":"2021-01-29T12:04:17","modified_gmt":"2021-01-29T11:04:17","slug":"casos-ativos-de-covid-19-ultrapassam-os-5-mil-na-regiao-oeste","status":"publish","type":"post","link":"https:\/\/tintafresca.net\/index.php\/2021\/01\/28\/casos-ativos-de-covid-19-ultrapassam-os-5-mil-na-regiao-oeste\/","title":{"rendered":"Casos ativos de COVID-19 ultrapassam 5 mil na Regi\u00e3o Oeste"},"content":{"rendered":"<div id=\"attachment_898\" style=\"width: 510px\" class=\"wp-caption alignleft\"><img loading=\"lazy\" decoding=\"async\" aria-describedby=\"caption-attachment-898\" class=\"wp-image-898 size-full\" src=\"https:\/\/tintafresca.net\/wp-content\/uploads\/2021\/01\/TV_CHO20-1.jpg\" alt=\"\" width=\"500\" height=\"375\" srcset=\"https:\/\/tintafresca.net\/wp-content\/uploads\/2021\/01\/TV_CHO20-1.jpg 500w, https:\/\/tintafresca.net\/wp-content\/uploads\/2021\/01\/TV_CHO20-1-300x225.jpg 300w\" sizes=\"auto, (max-width: 500px) 100vw, 500px\" \/><p id=\"caption-attachment-898\" class=\"wp-caption-text\">Unidade de Torres Vedras do Centro Hospitalar do Oeste<\/p><\/div>\n<p>O n\u00famero de casos ativos de COVID-19 na Regi\u00e3o Oeste continua a sua cavalgada desde o in\u00edcio do ano, ultrapassando esta quarta-feira, dia 27 de janeiro, pela primeira vez, os 5 mil (5154). Torres Vedras (1388) continua a ter o maior n\u00famero de casos ativos em todo o Oeste, seguindo-se Alcoba\u00e7a (802), Alenquer (750), Caldas da Rainha (583), Peniche (395), Arruda dos Vinhos (352), Nazar\u00e9 (219) e Lourinh\u00e3 (208). \u00a0H\u00e1 apenas quatro concelhos com menos de 200 casos, Sobral de Monte Agra\u00e7o (193), \u00d3bidos (107), Bombarral (102) e Cadaval (55), mas s\u00f3 este \u00faltimo est\u00e1 abaixo da centena de casos ativos.<\/p>\n<p>O n\u00famero total de infetados \u00e9 agora 16143 e o n\u00famero de recuperados 10600, tendo o n\u00famero de \u00f3bitos agora de 389. Torres Vedras regista agora 99 \u00f3bitos, seguido de Caldas da Rainha (66), Alcoba\u00e7a (43), Alenquer (39), Arruda dos Vinhos (35), Peniche (30), \u00d3bidos (21), Lourinh\u00e3 (15), Sobral de Monte Agra\u00e7o (13), Bombarral (10), Cadaval (10) e Nazar\u00e9 (8).<\/p>\n","protected":false},"excerpt":{"rendered":"<p>O n\u00famero de casos ativos de COVID-19 na Regi\u00e3o Oeste continua a sua cavalgada desde o in\u00edcio do ano, ultrapassando esta quarta-feira, dia 27 de janeiro, pela primeira vez, os 5 mil (5154). Torres Vedras (1388) continua a ter o maior n\u00famero de casos ativos em todo o Oeste, seguindo-se Alcoba\u00e7a (802), Alenquer (750), Caldas [&hellip;]<\/p>\n","protected":false},"author":2,"featured_media":580,"comment_status":"open","ping_status":"open","sticky":false,"template":"","format":"standard","meta":{"footnotes":""},"categories":[6],"tags":[],"class_list":["post-896","post","type-post","status-publish","format-standard","has-post-thumbnail","hentry","category-saude"],"_links":{"self":[{"href":"https:\/\/tintafresca.net\/index.php\/wp-json\/wp\/v2\/posts\/896","targetHints":{"allow":["GET"]}}],"collection":[{"href":"https:\/\/tintafresca.net\/index.php\/wp-json\/wp\/v2\/posts"}],"about":[{"href":"https:\/\/tintafresca.net\/index.php\/wp-json\/wp\/v2\/types\/post"}],"author":[{"embeddable":true,"href":"https:\/\/tintafresca.net\/index.php\/wp-json\/wp\/v2\/users\/2"}],"replies":[{"embeddable":true,"href":"https:\/\/tintafresca.net\/index.php\/wp-json\/wp\/v2\/comments?post=896"}],"version-history":[{"count":5,"href":"https:\/\/tintafresca.net\/index.php\/wp-json\/wp\/v2\/posts\/896\/revisions"}],"predecessor-version":[{"id":936,"href":"https:\/\/tintafresca.net\/index.php\/wp-json\/wp\/v2\/posts\/896\/revisions\/936"}],"wp:featuredmedia":[{"embeddable":true,"href":"https:\/\/tintafresca.net\/index.php\/wp-json\/wp\/v2\/media\/580"}],"wp:attachment":[{"href":"https:\/\/tintafresca.net\/index.php\/wp-json\/wp\/v2\/media?parent=896"}],"wp:term":[{"taxonomy":"category","embeddable":true,"href":"https:\/\/tintafresca.net\/index.php\/wp-json\/wp\/v2\/categories?post=896"},{"taxonomy":"post_tag","embeddable":true,"href":"https:\/\/tintafresca.net\/index.php\/wp-json\/wp\/v2\/tags?post=896"}],"curies":[{"name":"wp","href":"https:\/\/api.w.org\/{rel}","templated":true}]}}