{"id":906,"date":"2021-01-28T15:22:27","date_gmt":"2021-01-28T14:22:27","guid":{"rendered":"https:\/\/tintafresca.net\/?p=906"},"modified":"2021-01-28T19:39:50","modified_gmt":"2021-01-28T18:39:50","slug":"vacinacao-a-seis-centenas-de-utentes-e-trabalhadores-de-lares-do-cartaxo-ja-terminou","status":"publish","type":"post","link":"https:\/\/tintafresca.net\/index.php\/2021\/01\/28\/vacinacao-a-seis-centenas-de-utentes-e-trabalhadores-de-lares-do-cartaxo-ja-terminou\/","title":{"rendered":"Vacina\u00e7\u00e3o a seis centenas de utentes e trabalhadores de lares do Cartaxo j\u00e1 terminou"},"content":{"rendered":"<div id=\"attachment_909\" style=\"width: 510px\" class=\"wp-caption alignleft\"><img loading=\"lazy\" decoding=\"async\" aria-describedby=\"caption-attachment-909\" class=\"wp-image-909 size-full\" src=\"https:\/\/tintafresca.net\/wp-content\/uploads\/2021\/01\/Cartaxo_vacinacao_janeiro_erpi10.jpg\" alt=\"\" width=\"500\" height=\"625\" srcset=\"https:\/\/tintafresca.net\/wp-content\/uploads\/2021\/01\/Cartaxo_vacinacao_janeiro_erpi10.jpg 500w, https:\/\/tintafresca.net\/wp-content\/uploads\/2021\/01\/Cartaxo_vacinacao_janeiro_erpi10-240x300.jpg 240w\" sizes=\"auto, (max-width: 500px) 100vw, 500px\" \/><p id=\"caption-attachment-909\" class=\"wp-caption-text\">Prepara\u00e7\u00e3o da vacina contra a COVID-19<\/p><\/div>\n<p><em>Tr\u00eas equipas de profissionais de sa\u00fade, acompanhadas pelo Servi\u00e7o Municipal de Prote\u00e7\u00e3o Civil e Bombeiros Municipais trabalharam ao longo de tr\u00eas dias \u2013 22, 23 e 24 de janeiro \u2013, para executar o plano de vacina\u00e7\u00e3o definido para lares e casas de acolhimento. <\/em><em>Pedro Magalh\u00e3es Ribeiro refor\u00e7a necessidade de \u201calargar com a m\u00e1xima urg\u00eancia, o plano de vacina\u00e7\u00e3o aos utentes e trabalhadores dos centros de dia\u201d.<\/em><\/p>\n<p>O Servi\u00e7o Municipal de Prote\u00e7\u00e3o Civil e os Bombeiros Municipais do Cartaxo acompanharam a equipa da unidade de sa\u00fade local que executou o plano de vacina\u00e7\u00e3o em estruturas residenciais para idosos (ERPI) do concelho. Mais de 600 utentes e trabalhadores receberam a primeira dose da vacina contra a Covid-19.<\/p>\n<p>Pedro Magalh\u00e3es Ribeiro, presidente da C\u00e2mara Municipal do Cartaxo, destacou o \u201cempenho dos profissionais de sa\u00fade e das institui\u00e7\u00f5es na organiza\u00e7\u00e3o do Plano de Vacina\u00e7\u00e3o\u201d, referindo que tr\u00eas equipas constitu\u00eddos por m\u00e9dicos e pessoal de enfermagem, estiveram em 25 lares e casas de acolhimento para idosos, assim como, na Casa de Jo\u00e3o Manuel, da APPACDM, para administrar as vacinas.<\/p>\n<p>&nbsp;<\/p>\n<p>O presidente da C\u00e2mara Municipal afirmou que \u00e9 necess\u00e1rio <em>\u201calargar, com a m\u00e1xima urg\u00eancia, o plano de vacina\u00e7\u00e3o aos utentes e trabalhadores dos centros de dia\u201d, compreendendo as raz\u00f5es que levaram a definir as ERPI como prioridade, Pedro Magalh\u00e3es Ribeiro destaca \u201co extraordin\u00e1rio trabalho que as IPSS com val\u00eancia de centro de dia t\u00eam cumprido quer na conten\u00e7\u00e3o do cont\u00e1gio entre os seus utentes, quer no apoio prestado aos seus idosos. Durante largos meses, esta val\u00eancia encerrou durante largos meses, mas as IPSS conseguiram fazer uma \u00a0reorganiza\u00e7\u00e3o profunda dos processos de trabalho para garantir apoio domicili\u00e1rio a todos os utentes que, de um dia para o outro, ficaram confinados \u00e0 suas casas. Este trabalho n\u00e3o pode ser posto em causa porque \u00e9 a \u00fanica resposta social dispon\u00edvel para centenas de idosos e para as suas fam\u00edlias\u201d. <\/em><\/p>\n<p>Para o autarca \u201co plano de vacina\u00e7\u00e3o \u00e9 a primeira janela de esperan\u00e7a para a nossa comunidade\u201d, mas \u00e9 essencial que todos contribuam com o cumprimento das medidas de preven\u00e7\u00e3o de cont\u00e1gio e com o cumprimento das medidas em vigor do estado de emerg\u00eancia.<\/p>\n<p>\u201cO dever de recolhimento domicili\u00e1rio deve ser encarado com a m\u00e1xima seriedade. O esfor\u00e7o \u00e9 enorme, mas \u00e9 o \u00fanico caminho e s\u00f3 ter\u00e1 resultados se for um caminho comum, que todos trilhamos ao mesmo tempo\u201d, refor\u00e7ou o presidente da C\u00e2mara para quem \u201cnunca como hoje, precisamos estar cientes que somos n\u00f3s que transmitimos o v\u00edrus, estou certo que cada um de n\u00f3s saber\u00e1 reconhecer esta verdade e assumir esta responsabilidade. A prioridade tem de ser a sa\u00fade e a vida, s\u00f3 preservando estas, poderemos iniciar qualquer trabalho de recupera\u00e7\u00e3o da nossa economia, de retoma do processo de aprendizagem das nossas crian\u00e7as e de repara\u00e7\u00e3o das consequ\u00eancias pessoais, profissionais, institucionais e sociais que a pandemia nos vai deixar para resolver durante muito tempo\u201d, conclui.<\/p>\n<p><strong>\u00a0 \u00a0 Fonte: GIC|CMC<\/strong><\/p>\n<p>&nbsp;<\/p>\n","protected":false},"excerpt":{"rendered":"<p>Tr\u00eas equipas de profissionais de sa\u00fade, acompanhadas pelo Servi\u00e7o Municipal de Prote\u00e7\u00e3o Civil e Bombeiros Municipais trabalharam ao longo de tr\u00eas dias \u2013 22, 23 e 24 de janeiro \u2013, para executar o plano de vacina\u00e7\u00e3o definido para lares e casas de acolhimento. Pedro Magalh\u00e3es Ribeiro refor\u00e7a necessidade de \u201calargar com a m\u00e1xima urg\u00eancia, o [&hellip;]<\/p>\n","protected":false},"author":2,"featured_media":909,"comment_status":"open","ping_status":"open","sticky":false,"template":"","format":"standard","meta":{"footnotes":""},"categories":[6],"tags":[],"class_list":["post-906","post","type-post","status-publish","format-standard","has-post-thumbnail","hentry","category-saude"],"_links":{"self":[{"href":"https:\/\/tintafresca.net\/index.php\/wp-json\/wp\/v2\/posts\/906","targetHints":{"allow":["GET"]}}],"collection":[{"href":"https:\/\/tintafresca.net\/index.php\/wp-json\/wp\/v2\/posts"}],"about":[{"href":"https:\/\/tintafresca.net\/index.php\/wp-json\/wp\/v2\/types\/post"}],"author":[{"embeddable":true,"href":"https:\/\/tintafresca.net\/index.php\/wp-json\/wp\/v2\/users\/2"}],"replies":[{"embeddable":true,"href":"https:\/\/tintafresca.net\/index.php\/wp-json\/wp\/v2\/comments?post=906"}],"version-history":[{"count":2,"href":"https:\/\/tintafresca.net\/index.php\/wp-json\/wp\/v2\/posts\/906\/revisions"}],"predecessor-version":[{"id":910,"href":"https:\/\/tintafresca.net\/index.php\/wp-json\/wp\/v2\/posts\/906\/revisions\/910"}],"wp:featuredmedia":[{"embeddable":true,"href":"https:\/\/tintafresca.net\/index.php\/wp-json\/wp\/v2\/media\/909"}],"wp:attachment":[{"href":"https:\/\/tintafresca.net\/index.php\/wp-json\/wp\/v2\/media?parent=906"}],"wp:term":[{"taxonomy":"category","embeddable":true,"href":"https:\/\/tintafresca.net\/index.php\/wp-json\/wp\/v2\/categories?post=906"},{"taxonomy":"post_tag","embeddable":true,"href":"https:\/\/tintafresca.net\/index.php\/wp-json\/wp\/v2\/tags?post=906"}],"curies":[{"name":"wp","href":"https:\/\/api.w.org\/{rel}","templated":true}]}}