{"id":9147,"date":"2021-09-21T18:58:23","date_gmt":"2021-09-21T18:58:23","guid":{"rendered":"https:\/\/tintafresca.net\/?p=9147"},"modified":"2021-09-21T19:01:00","modified_gmt":"2021-09-21T19:01:00","slug":"centro-hospitalar-do-oeste-desmente-que-urgencia-de-torres-vedras-esteja-encerrada-por-falta-de-medicos","status":"publish","type":"post","link":"https:\/\/tintafresca.net\/index.php\/2021\/09\/21\/centro-hospitalar-do-oeste-desmente-que-urgencia-de-torres-vedras-esteja-encerrada-por-falta-de-medicos\/","title":{"rendered":"Centro Hospitalar do Oeste desmente fecho da Urg\u00eancia de Torres Vedras por falta de m\u00e9dicos"},"content":{"rendered":"<div id=\"attachment_9149\" style=\"width: 510px\" class=\"wp-caption alignleft\"><img loading=\"lazy\" decoding=\"async\" aria-describedby=\"caption-attachment-9149\" class=\"wp-image-9149 size-full\" src=\"https:\/\/tintafresca.net\/wp-content\/uploads\/2021\/09\/TV_CHO10.jpg\" alt=\"\" width=\"500\" height=\"375\" srcset=\"https:\/\/tintafresca.net\/wp-content\/uploads\/2021\/09\/TV_CHO10.jpg 500w, https:\/\/tintafresca.net\/wp-content\/uploads\/2021\/09\/TV_CHO10-300x225.jpg 300w\" sizes=\"auto, (max-width: 500px) 100vw, 500px\" \/><p id=\"caption-attachment-9149\" class=\"wp-caption-text\">Urg\u00eancia Geral da Unidade de Torres Vedras do Centro Hospitalar do Oeste<\/p><\/div>\n<p>O Conselho de Administra\u00e7\u00e3o do Centro Hospitalar do Oeste informou esta ter\u00e7a-feira, dia 21 de setembro, que a Urg\u00eancia Geral da Unidade de Torres Vedras tem estado muito congestionada nos \u00faltimos dias, devido \u00e0 elevada aflu\u00eancia de doentes.<\/p>\n<p>Por este motivo, foi solicitado \u00e0s 21h de segunda-feira, ao Centro de Orienta\u00e7\u00e3o de Doentes Urgentes (CODU), o reencaminhamento de doentes cr\u00edticos para outras unidades hospitalares, de acordo com a situa\u00e7\u00e3o cl\u00ednica. Este procedimento\u00a0 salvaguarda o atendimento com celeridade de doentes com situa\u00e7\u00e3o cl\u00ednica complexa ou exigente, assegurando que s\u00e3o encaminhados para uma unidade hospitalar com maior capacidade de resposta, numa fase em que as equipas da Urg\u00eancia Geral da Unidade de Torres Vedras est\u00e3o sobrecarregadas com os doentes j\u00e1 admitidos.<\/p>\n<p>N\u00e3o corresponde \u00e0 verdade que a Urg\u00eancia Geral da Unidade de Torres Vedras se encontra encerrada por falta de m\u00e9dicos, conforme noticiado. No dia de segunda-feira, as equipas m\u00e9dicas de todas as especialidades presentes na Urg\u00eancia est\u00e3o completas, cumprindo as dota\u00e7\u00f5es previstas pela Ordem dos M\u00e9dicos.<\/p>\n<p>N\u00e3o corresponde igualmente \u00e0 verdade que os doentes que se deslocam pelo seu p\u00e9 n\u00e3o s\u00e3o admitidos. Todos os doentes que se desloquem diretamente \u00e0 urg\u00eancia s\u00e3o admitidos e atendidos.\u00a0Reitera-se\u00a0 que as urg\u00eancias n\u00e3o est\u00e3o encerradas, mas apenas bloqueadas para o CODU\/INEM.<\/p>\n<p>Note-se que o movimento na Urg\u00eancia Geral, desde junho, tem sido id\u00eantico ao registado no per\u00edodo pr\u00e9-pandemia, agravado em 2021 pela exist\u00eancia das \u00c1reas de Atendimento Respirat\u00f3rio (ADR) para o COVID, que t\u00eam registado de igual modo elevada procura.<\/p>\n<p>Apela-se aos utentes que utilizem as urg\u00eancias hospitalares apenas em\u00a0 situa\u00e7\u00f5es realmente urgentes. Recorda-se que, salvo situa\u00e7\u00f5es emergentes, antes da vinda \u00e0 urg\u00eancia devem contatar a Linha SNS 24 \u2013 808 24 24 24, que disponibiliza aconselhamento e encaminhamento em situa\u00e7\u00e3o de doen\u00e7a. Prev\u00ea-se que a situa\u00e7\u00e3o seja estabilizada a breve trecho.<\/p>\n<p>O Centro Hospitalar do Oeste assegura que tem envidado todos os esfor\u00e7os e continuar\u00e1 a adotar as medidas necess\u00e1rias para dar a melhor resposta na presta\u00e7\u00e3o de cuidados de sa\u00fade \u00e0 popula\u00e7\u00e3o.<\/p>\n<p><strong>\u00a0 \u00a0 Fonte: GC|CHO<\/strong><\/p>\n","protected":false},"excerpt":{"rendered":"<p>O Conselho de Administra\u00e7\u00e3o do Centro Hospitalar do Oeste informou esta ter\u00e7a-feira, dia 21 de setembro, que a Urg\u00eancia Geral da Unidade de Torres Vedras tem estado muito congestionada nos \u00faltimos dias, devido \u00e0 elevada aflu\u00eancia de doentes. Por este motivo, foi solicitado \u00e0s 21h de segunda-feira, ao Centro de Orienta\u00e7\u00e3o de Doentes Urgentes (CODU), [&hellip;]<\/p>\n","protected":false},"author":2,"featured_media":9150,"comment_status":"open","ping_status":"open","sticky":false,"template":"","format":"standard","meta":{"footnotes":""},"categories":[6],"tags":[],"class_list":["post-9147","post","type-post","status-publish","format-standard","has-post-thumbnail","hentry","category-saude"],"_links":{"self":[{"href":"https:\/\/tintafresca.net\/index.php\/wp-json\/wp\/v2\/posts\/9147","targetHints":{"allow":["GET"]}}],"collection":[{"href":"https:\/\/tintafresca.net\/index.php\/wp-json\/wp\/v2\/posts"}],"about":[{"href":"https:\/\/tintafresca.net\/index.php\/wp-json\/wp\/v2\/types\/post"}],"author":[{"embeddable":true,"href":"https:\/\/tintafresca.net\/index.php\/wp-json\/wp\/v2\/users\/2"}],"replies":[{"embeddable":true,"href":"https:\/\/tintafresca.net\/index.php\/wp-json\/wp\/v2\/comments?post=9147"}],"version-history":[{"count":4,"href":"https:\/\/tintafresca.net\/index.php\/wp-json\/wp\/v2\/posts\/9147\/revisions"}],"predecessor-version":[{"id":9153,"href":"https:\/\/tintafresca.net\/index.php\/wp-json\/wp\/v2\/posts\/9147\/revisions\/9153"}],"wp:featuredmedia":[{"embeddable":true,"href":"https:\/\/tintafresca.net\/index.php\/wp-json\/wp\/v2\/media\/9150"}],"wp:attachment":[{"href":"https:\/\/tintafresca.net\/index.php\/wp-json\/wp\/v2\/media?parent=9147"}],"wp:term":[{"taxonomy":"category","embeddable":true,"href":"https:\/\/tintafresca.net\/index.php\/wp-json\/wp\/v2\/categories?post=9147"},{"taxonomy":"post_tag","embeddable":true,"href":"https:\/\/tintafresca.net\/index.php\/wp-json\/wp\/v2\/tags?post=9147"}],"curies":[{"name":"wp","href":"https:\/\/api.w.org\/{rel}","templated":true}]}}