{"id":9169,"date":"2021-09-22T11:26:36","date_gmt":"2021-09-22T11:26:36","guid":{"rendered":"https:\/\/tintafresca.net\/?p=9169"},"modified":"2021-09-22T11:29:14","modified_gmt":"2021-09-22T11:29:14","slug":"urgencia-geral-da-unidade-de-torres-vedras-ja-reabriu-para-doentes-da-linha-saude-24","status":"publish","type":"post","link":"https:\/\/tintafresca.net\/index.php\/2021\/09\/22\/urgencia-geral-da-unidade-de-torres-vedras-ja-reabriu-para-doentes-da-linha-saude-24\/","title":{"rendered":"Urg\u00eancia Geral da Unidade de Torres Vedras j\u00e1 reabriu para doentes da Linha Sa\u00fade 24"},"content":{"rendered":"<div id=\"attachment_9149\" style=\"width: 510px\" class=\"wp-caption alignleft\"><img loading=\"lazy\" decoding=\"async\" aria-describedby=\"caption-attachment-9149\" class=\"wp-image-9149 size-full\" src=\"https:\/\/tintafresca.net\/wp-content\/uploads\/2021\/09\/TV_CHO10.jpg\" alt=\"\" width=\"500\" height=\"375\" srcset=\"https:\/\/tintafresca.net\/wp-content\/uploads\/2021\/09\/TV_CHO10.jpg 500w, https:\/\/tintafresca.net\/wp-content\/uploads\/2021\/09\/TV_CHO10-300x225.jpg 300w\" sizes=\"auto, (max-width: 500px) 100vw, 500px\" \/><p id=\"caption-attachment-9149\" class=\"wp-caption-text\">Urg\u00eancia Geral da Unidade de Torres Vedras do Centro Hospitalar do Oeste<\/p><\/div>\n<p class=\"xmsonormal\">O Conselho de Administra\u00e7\u00e3o do Centro Hospitalar do Oeste informou na manh\u00e3 desta quarta-feira, dia 22 de setembro, que o funcionamento da Urg\u00eancia Geral da Unidade de Torres Vedras foi normalizado \u00e0s 21h30 de ter\u00e7a-feira, tendo sido a urg\u00eancia reaberta para o Centro de Orienta\u00e7\u00e3o de Doentes Urgentes (CODU).<\/p>\n<p class=\"xmsonormal\">A situa\u00e7\u00e3o foi normalizada devido \u00e0 alta cl\u00ednica de doentes que estavam neste Servi\u00e7o ou de doentes que transitaram para os servi\u00e7os de internamento do Hospital.<\/p>\n<p class=\"xxxmsoplaintext\" style=\"margin: 0cm; margin-bottom: .0001pt;\">Reitera-se que as urg\u00eancias n\u00e3o estiveram encerradas, mas apenas bloqueadas para o CODU\/INEM. Todos os doentes que se deslocaram diretamente \u00e0 urg\u00eancia, foram admitidos e atendidos.<\/p>\n","protected":false},"excerpt":{"rendered":"<p>O Conselho de Administra\u00e7\u00e3o do Centro Hospitalar do Oeste informou na manh\u00e3 desta quarta-feira, dia 22 de setembro, que o funcionamento da Urg\u00eancia Geral da Unidade de Torres Vedras foi normalizado \u00e0s 21h30 de ter\u00e7a-feira, tendo sido a urg\u00eancia reaberta para o Centro de Orienta\u00e7\u00e3o de Doentes Urgentes (CODU). A situa\u00e7\u00e3o foi normalizada devido \u00e0 [&hellip;]<\/p>\n","protected":false},"author":2,"featured_media":9150,"comment_status":"open","ping_status":"open","sticky":false,"template":"","format":"standard","meta":{"footnotes":""},"categories":[6],"tags":[],"class_list":["post-9169","post","type-post","status-publish","format-standard","has-post-thumbnail","hentry","category-saude"],"_links":{"self":[{"href":"https:\/\/tintafresca.net\/index.php\/wp-json\/wp\/v2\/posts\/9169","targetHints":{"allow":["GET"]}}],"collection":[{"href":"https:\/\/tintafresca.net\/index.php\/wp-json\/wp\/v2\/posts"}],"about":[{"href":"https:\/\/tintafresca.net\/index.php\/wp-json\/wp\/v2\/types\/post"}],"author":[{"embeddable":true,"href":"https:\/\/tintafresca.net\/index.php\/wp-json\/wp\/v2\/users\/2"}],"replies":[{"embeddable":true,"href":"https:\/\/tintafresca.net\/index.php\/wp-json\/wp\/v2\/comments?post=9169"}],"version-history":[{"count":3,"href":"https:\/\/tintafresca.net\/index.php\/wp-json\/wp\/v2\/posts\/9169\/revisions"}],"predecessor-version":[{"id":9172,"href":"https:\/\/tintafresca.net\/index.php\/wp-json\/wp\/v2\/posts\/9169\/revisions\/9172"}],"wp:featuredmedia":[{"embeddable":true,"href":"https:\/\/tintafresca.net\/index.php\/wp-json\/wp\/v2\/media\/9150"}],"wp:attachment":[{"href":"https:\/\/tintafresca.net\/index.php\/wp-json\/wp\/v2\/media?parent=9169"}],"wp:term":[{"taxonomy":"category","embeddable":true,"href":"https:\/\/tintafresca.net\/index.php\/wp-json\/wp\/v2\/categories?post=9169"},{"taxonomy":"post_tag","embeddable":true,"href":"https:\/\/tintafresca.net\/index.php\/wp-json\/wp\/v2\/tags?post=9169"}],"curies":[{"name":"wp","href":"https:\/\/api.w.org\/{rel}","templated":true}]}}