{"id":9312,"date":"2021-09-26T16:51:10","date_gmt":"2021-09-26T16:51:10","guid":{"rendered":"https:\/\/tintafresca.net\/?p=9312"},"modified":"2021-09-26T16:55:02","modified_gmt":"2021-09-26T16:55:02","slug":"municipio-de-torres-novas-abre-inscricoes-para-o-passeio-pedestre-da-rota-dos-moinhos-da-pena","status":"publish","type":"post","link":"https:\/\/tintafresca.net\/index.php\/2021\/09\/26\/municipio-de-torres-novas-abre-inscricoes-para-o-passeio-pedestre-da-rota-dos-moinhos-da-pena\/","title":{"rendered":"Munic\u00edpio de Torres Novas abre inscri\u00e7\u00f5es para o passeio pedestre da Rota dos Moinhos da Pena"},"content":{"rendered":"<div id=\"attachment_9314\" style=\"width: 510px\" class=\"wp-caption alignleft\"><img loading=\"lazy\" decoding=\"async\" aria-describedby=\"caption-attachment-9314\" class=\"wp-image-9314 size-full\" src=\"https:\/\/tintafresca.net\/wp-content\/uploads\/2021\/09\/TN_Rotas_Moinhos10.jpg\" alt=\"\" width=\"500\" height=\"687\" srcset=\"https:\/\/tintafresca.net\/wp-content\/uploads\/2021\/09\/TN_Rotas_Moinhos10.jpg 500w, https:\/\/tintafresca.net\/wp-content\/uploads\/2021\/09\/TN_Rotas_Moinhos10-218x300.jpg 218w\" sizes=\"auto, (max-width: 500px) 100vw, 500px\" \/><p id=\"caption-attachment-9314\" class=\"wp-caption-text\">Cartaz<\/p><\/div>\n<p>Est\u00e3o abertas as inscri\u00e7\u00f5es para a Rota dos Moinhos da Pena, que se realiza no dia 10 de outubro, domingo. O percurso pedestre Moinhos da Pena, junto \u00e0s pegadas dos Dinoss\u00e1urios na Serra de Aire, entre Our\u00e9m e Torres Novas, integra o projeto Rotas e Percursos \u2013 Caminhadas do M\u00e9dio Tejo 2021, promovido pela Comunidade Intermunicipal do M\u00e9dio Tejo e pelos 13 munic\u00edpios que a comp\u00f5em.<\/p>\n<p>A Rota dos Moinhos da Pena tem cerca de 8,5 km e uma previs\u00e3o de 03h30 de dura\u00e7\u00e3o. O ponto de encontro para a iniciativa ser\u00e1 pelas 9h, nos Moinhos da Pena. O passeio pedestre \u00e9 limitado a 50 inscri\u00e7\u00f5es, que devem ser realizadas a partir do dia 24 de setembro e terminam dia 8 de outubro, atrav\u00e9s do link <a href=\"https:\/\/www.queroir.pt\/caminhadasdomediotejo2021-torresnovas\">https:\/\/www.queroir.pt\/caminhadasdomediotejo2021-torresnovas<\/a> . As inscri\u00e7\u00f5es s\u00e3o gratuitas e garantem o direito a seguro de acidentes pessoais<\/p>\n<p><strong>\u00a0 \u00a0Fonte: LO|DTICMA|CMTN<\/strong><\/p>\n","protected":false},"excerpt":{"rendered":"<p>Est\u00e3o abertas as inscri\u00e7\u00f5es para a Rota dos Moinhos da Pena, que se realiza no dia 10 de outubro, domingo. O percurso pedestre Moinhos da Pena, junto \u00e0s pegadas dos Dinoss\u00e1urios na Serra de Aire, entre Our\u00e9m e Torres Novas, integra o projeto Rotas e Percursos \u2013 Caminhadas do M\u00e9dio Tejo 2021, promovido pela Comunidade [&hellip;]<\/p>\n","protected":false},"author":2,"featured_media":9315,"comment_status":"open","ping_status":"open","sticky":false,"template":"","format":"standard","meta":{"footnotes":""},"categories":[9],"tags":[],"class_list":["post-9312","post","type-post","status-publish","format-standard","has-post-thumbnail","hentry","category-ambiente"],"_links":{"self":[{"href":"https:\/\/tintafresca.net\/index.php\/wp-json\/wp\/v2\/posts\/9312","targetHints":{"allow":["GET"]}}],"collection":[{"href":"https:\/\/tintafresca.net\/index.php\/wp-json\/wp\/v2\/posts"}],"about":[{"href":"https:\/\/tintafresca.net\/index.php\/wp-json\/wp\/v2\/types\/post"}],"author":[{"embeddable":true,"href":"https:\/\/tintafresca.net\/index.php\/wp-json\/wp\/v2\/users\/2"}],"replies":[{"embeddable":true,"href":"https:\/\/tintafresca.net\/index.php\/wp-json\/wp\/v2\/comments?post=9312"}],"version-history":[{"count":3,"href":"https:\/\/tintafresca.net\/index.php\/wp-json\/wp\/v2\/posts\/9312\/revisions"}],"predecessor-version":[{"id":9317,"href":"https:\/\/tintafresca.net\/index.php\/wp-json\/wp\/v2\/posts\/9312\/revisions\/9317"}],"wp:featuredmedia":[{"embeddable":true,"href":"https:\/\/tintafresca.net\/index.php\/wp-json\/wp\/v2\/media\/9315"}],"wp:attachment":[{"href":"https:\/\/tintafresca.net\/index.php\/wp-json\/wp\/v2\/media?parent=9312"}],"wp:term":[{"taxonomy":"category","embeddable":true,"href":"https:\/\/tintafresca.net\/index.php\/wp-json\/wp\/v2\/categories?post=9312"},{"taxonomy":"post_tag","embeddable":true,"href":"https:\/\/tintafresca.net\/index.php\/wp-json\/wp\/v2\/tags?post=9312"}],"curies":[{"name":"wp","href":"https:\/\/api.w.org\/{rel}","templated":true}]}}