{"id":9488,"date":"2021-10-03T13:13:56","date_gmt":"2021-10-03T13:13:56","guid":{"rendered":"https:\/\/tintafresca.net\/?p=9488"},"modified":"2021-10-03T20:06:29","modified_gmt":"2021-10-03T20:06:29","slug":"srcom-exige-ao-ministerio-da-saude-resolucao-da-falta-de-recursos-humanos-nas-urgencias-do-hospital-de-leiria","status":"publish","type":"post","link":"https:\/\/tintafresca.net\/index.php\/2021\/10\/03\/srcom-exige-ao-ministerio-da-saude-resolucao-da-falta-de-recursos-humanos-nas-urgencias-do-hospital-de-leiria\/","title":{"rendered":"SRCOM exige solu\u00e7\u00e3o para a falta de recursos humanos nas urg\u00eancias do Hospital de Leiria"},"content":{"rendered":"<div id=\"attachment_9048\" style=\"width: 350px\" class=\"wp-caption alignleft\"><img loading=\"lazy\" decoding=\"async\" aria-describedby=\"caption-attachment-9048\" class=\"wp-image-9048\" src=\"https:\/\/tintafresca.net\/wp-content\/uploads\/2021\/09\/Hospital_Santo_Andre010.jpg\" alt=\"\" width=\"340\" height=\"256\" srcset=\"https:\/\/tintafresca.net\/wp-content\/uploads\/2021\/09\/Hospital_Santo_Andre010.jpg 332w, https:\/\/tintafresca.net\/wp-content\/uploads\/2021\/09\/Hospital_Santo_Andre010-300x226.jpg 300w\" sizes=\"auto, (max-width: 340px) 100vw, 340px\" \/><p id=\"caption-attachment-9048\" class=\"wp-caption-text\">SRCOM alerta que o Servi\u00e7o de Urg\u00eancia do Hospital de Santo Andr\u00e9 n\u00e3o est\u00e1 a receber doentes de trauma<\/p><\/div>\n<p>A Sec\u00e7\u00e3o Regional do Centro da Ordem dos M\u00e9dicos (SRCOM) alertou, no dia 1de outubro, para a situa\u00e7\u00e3o grave que se vive no Hospital de Santo Andr\u00e9, em Leiria, devido \u00e0 car\u00eancia de m\u00e9dicos no Servi\u00e7o de Urg\u00eancia nas \u00e1reas da Ortopedia, Cirurgia, Medicina Interna e \u00e1rea generalista, e exige ao Minist\u00e9rio da Sa\u00fade a resolu\u00e7\u00e3o imediata do problema.<\/p>\n<p>\u201cN\u00e3o h\u00e1 m\u00e9dicos suficientes para fazer face ao aumento importante de doentes que acorrem atualmente a este Servi\u00e7o. Este n\u00e3o \u00e9 um problema que surgiu hoje, j\u00e1 h\u00e1 v\u00e1rios anos que a Ordem dos M\u00e9dicos tem tido v\u00e1rias interven\u00e7\u00f5es a denunciar a grav\u00edssima car\u00eancia de recursos humanos deste hospital. \u00c9 uma consequ\u00eancia das m\u00e1s decis\u00f5es do passado que est\u00e3o agora agravadas e \u00e0 vista de todos\u201d, refere Carlos Cortes, presidente da Sec\u00e7\u00e3o Regional do Centro da Ordem dos M\u00e9dicos.<\/p>\n<p>\u201cA SRCOM tem levado a cabo diversas iniciativas, junto do Conselho de Administra\u00e7\u00e3o e do Minist\u00e9rio da Sa\u00fade, alertando para a situa\u00e7\u00e3o incomport\u00e1vel que se tem verificado no Hospital de Santo Andr\u00e9 e para a sua imediata resolu\u00e7\u00e3o\u201d, refor\u00e7a Carlos Cortes, acrescentando que \u201ca Ordem dos M\u00e9dicos vai proceder a uma avalia\u00e7\u00e3o t\u00e9cnica urgente das condi\u00e7\u00f5es do Servi\u00e7o de Urg\u00eancia e ser\u00e1 intransigente na qualidade do servi\u00e7o que tem de ser prestado aos doentes.\u201d<\/p>\n<p>Segundo o m\u00e9dico, \u201c\u00e9 incomport\u00e1vel a sobrecarga de trabalho que est\u00e1 a ser colocada sobre os profissionais com escalas de urg\u00eancia que n\u00e3o respeitam os m\u00ednimos exigidos e \u00e9 preocupante o n\u00edvel de seguran\u00e7a a que estamos a assistir. Algo ter\u00e1 de mudar muito rapidamente.\u201d<\/p>\n<p>A SRCOM recebeu ainda a informa\u00e7\u00e3o de que os doentes de trauma n\u00e3o est\u00e3o a ser encaminhados para o Servi\u00e7o de Urg\u00eancia do Hospital de Leiria.<\/p>\n<p>\u201cN\u00e3o \u00e9 admiss\u00edvel que um Hospital desta dimens\u00e3o e com a import\u00e2ncia que tem na regi\u00e3o, n\u00e3o esteja a receber doentes de trauma\u201d, refere Carlos Cortes.<\/p>\n<p>Embora a SRCOM tenha vindo a alertar para o problema da falta de profissionais de sa\u00fade no servi\u00e7o de urg\u00eancia, sistematicamente desde 2019, a situa\u00e7\u00e3o tem vindo a agravar-se, pelo que ser\u00e1 feita uma avalia\u00e7\u00e3o t\u00e9cnica rigorosa das condi\u00e7\u00f5es existentes no Servi\u00e7o de Urg\u00eancia, com car\u00e1cter de urg\u00eancia, na qual participar\u00e3o os Col\u00e9gios da Especialidade.<\/p>\n<p><strong>\u00a0 \u00a0 \u00a0Fonte: F5C<\/strong><\/p>\n","protected":false},"excerpt":{"rendered":"<p>A Sec\u00e7\u00e3o Regional do Centro da Ordem dos M\u00e9dicos (SRCOM) alertou, no dia 1de outubro, para a situa\u00e7\u00e3o grave que se vive no Hospital de Santo Andr\u00e9, em Leiria, devido \u00e0 car\u00eancia de m\u00e9dicos no Servi\u00e7o de Urg\u00eancia nas \u00e1reas da Ortopedia, Cirurgia, Medicina Interna e \u00e1rea generalista, e exige ao Minist\u00e9rio da Sa\u00fade a [&hellip;]<\/p>\n","protected":false},"author":2,"featured_media":7674,"comment_status":"open","ping_status":"open","sticky":false,"template":"","format":"standard","meta":{"footnotes":""},"categories":[6],"tags":[],"class_list":["post-9488","post","type-post","status-publish","format-standard","has-post-thumbnail","hentry","category-saude"],"_links":{"self":[{"href":"https:\/\/tintafresca.net\/index.php\/wp-json\/wp\/v2\/posts\/9488","targetHints":{"allow":["GET"]}}],"collection":[{"href":"https:\/\/tintafresca.net\/index.php\/wp-json\/wp\/v2\/posts"}],"about":[{"href":"https:\/\/tintafresca.net\/index.php\/wp-json\/wp\/v2\/types\/post"}],"author":[{"embeddable":true,"href":"https:\/\/tintafresca.net\/index.php\/wp-json\/wp\/v2\/users\/2"}],"replies":[{"embeddable":true,"href":"https:\/\/tintafresca.net\/index.php\/wp-json\/wp\/v2\/comments?post=9488"}],"version-history":[{"count":4,"href":"https:\/\/tintafresca.net\/index.php\/wp-json\/wp\/v2\/posts\/9488\/revisions"}],"predecessor-version":[{"id":9513,"href":"https:\/\/tintafresca.net\/index.php\/wp-json\/wp\/v2\/posts\/9488\/revisions\/9513"}],"wp:featuredmedia":[{"embeddable":true,"href":"https:\/\/tintafresca.net\/index.php\/wp-json\/wp\/v2\/media\/7674"}],"wp:attachment":[{"href":"https:\/\/tintafresca.net\/index.php\/wp-json\/wp\/v2\/media?parent=9488"}],"wp:term":[{"taxonomy":"category","embeddable":true,"href":"https:\/\/tintafresca.net\/index.php\/wp-json\/wp\/v2\/categories?post=9488"},{"taxonomy":"post_tag","embeddable":true,"href":"https:\/\/tintafresca.net\/index.php\/wp-json\/wp\/v2\/tags?post=9488"}],"curies":[{"name":"wp","href":"https:\/\/api.w.org\/{rel}","templated":true}]}}