{"id":954,"date":"2021-01-30T13:24:06","date_gmt":"2021-01-30T12:24:06","guid":{"rendered":"https:\/\/tintafresca.net\/?p=954"},"modified":"2021-01-31T12:36:04","modified_gmt":"2021-01-31T11:36:04","slug":"alenquer-e-alcobaca-aproximam-se-dos-mil-casos-ativos-de-covid-19","status":"publish","type":"post","link":"https:\/\/tintafresca.net\/index.php\/2021\/01\/30\/alenquer-e-alcobaca-aproximam-se-dos-mil-casos-ativos-de-covid-19\/","title":{"rendered":"Alenquer e Alcoba\u00e7a aproximam-se dos mil casos ativos de COVID-19"},"content":{"rendered":"<div id=\"attachment_669\" style=\"width: 309px\" class=\"wp-caption alignleft\"><img loading=\"lazy\" decoding=\"async\" aria-describedby=\"caption-attachment-669\" class=\"wp-image-669 size-full\" src=\"https:\/\/tintafresca.net\/wp-content\/uploads\/2021\/01\/Hablo01.jpg\" alt=\"\" width=\"299\" height=\"390\" srcset=\"https:\/\/tintafresca.net\/wp-content\/uploads\/2021\/01\/Hablo01.jpg 299w, https:\/\/tintafresca.net\/wp-content\/uploads\/2021\/01\/Hablo01-230x300.jpg 230w\" sizes=\"auto, (max-width: 299px) 100vw, 299px\" \/><p id=\"caption-attachment-669\" class=\"wp-caption-text\">Hospital de Alcoba\u00e7a Bernardino Lopes de Oliveira<\/p><\/div>\n<p>O n\u00famero de casos ativos de COVID-19 na Regi\u00e3o Oeste subiu, em apenas tr\u00eas dias, de quase 5 mil para quase 6 mil, no dia 29 de janeiro. Alenquer (966) e Alcoba\u00e7a (913) registaram fortes subidas esta sexta-feira e contribu\u00edram bastante para os 5705 casos registados em toda a \u00c1rea Oeste do Distrito de Lisboa.<\/p>\n<p>Torres Vedras (1468) continua a ter o maior n\u00famero de casos ativos em todo o Oeste , seguindo-se agora Alenquer, Alcoba\u00e7a, Caldas da Rainha (569), Peniche (458), Arruda dos Vinhos (384), \u00a0Nazar\u00e9 (243), Lourinh\u00e3 (208) e Sobral de Monte Agra\u00e7o (202). Os concelhos com menos casos s\u00e3o \u00d3bidos (135), Bombarral (108) e Cadaval (51).<\/p>\n<p>O n\u00famero total de infetados \u00e9 agora 17.212 e o n\u00famero de recuperados 11.080, tendo o n\u00famero de \u00f3bitos subido para 427. Torres Vedras regista j\u00e1 108 \u00f3bitos, seguido de Caldas da Rainha (72), Alcoba\u00e7a (51), Arruda dos Vinhos (42), Alenquer (39), Peniche (32), \u00d3bidos (22), Lourinh\u00e3 (15), Sobral de Monte Agra\u00e7o (14), Cadaval (12), Bombarral (11) e Nazar\u00e9 (10).<\/p>\n<p><strong>Doentes Covid-19 do Hospital de Alcoba\u00e7a v\u00e3o passar para o Hospital de Santo Andr\u00e9<\/strong><\/p>\n<p>O presidente da C\u00e2mara Municipal de Alcoba\u00e7a anunciou esta sexta-feira que est\u00e1 em prepara\u00e7\u00e3o por parte do Centro Hospitalar de Leiria a evacua\u00e7\u00e3o dos pacientes Covid-19 do Hospital de Alcoba\u00e7a Bernardino Lopes de Oliveira para o Hospital de Santo Andr\u00e9, em Leiria, ficando o nosso hospital para uso exclusivo de pacientes n\u00e3o-Covid-19. Deste modo, poder-se-\u00e3o reiniciar as suas fun\u00e7\u00f5es normais e habituais, tais como as cirurgias de ambulat\u00f3rio que no passado recente eram efetuados no nosso hospital.<\/p>\n<p>\u201cQuero sublinhar a resili\u00eancia e a capacidade extraordin\u00e1ria dos alcobacenses de mostrar, como se tem visto, a sua qualidade de povo respeitador e ordeiro. Certamente que os alcobacenses ter\u00e3o a for\u00e7a e a coragem necess\u00e1rias para continuar este trabalho, agora mais do que nunca, necess\u00e1rio. S\u00f3 com amor, afeto e sentido de comunidade \u00e9 que poderemos superar esta pandemia secular. \u00c9 tempo de vencer\u201d, escreveu Paulo In\u00e1cio, que divulgou tamb\u00e9m um <a href=\"https:\/\/www.facebook.com\/paulo.inacio.presidente.municipio.alcobaca\/videos\/119660329964144\">v\u00eddeo no Facebook<\/a> apelando \u00e0 uni\u00e3o e resili\u00eancia da comunidade nesta crise pand\u00e9mica.<\/p>\n<p>&nbsp;<\/p>\n<p>&nbsp;<\/p>\n","protected":false},"excerpt":{"rendered":"<p>O n\u00famero de casos ativos de COVID-19 na Regi\u00e3o Oeste subiu, em apenas tr\u00eas dias, de quase 5 mil para quase 6 mil, no dia 29 de janeiro. Alenquer (966) e Alcoba\u00e7a (913) registaram fortes subidas esta sexta-feira e contribu\u00edram bastante para os 5705 casos registados em toda a \u00c1rea Oeste do Distrito de Lisboa. [&hellip;]<\/p>\n","protected":false},"author":2,"featured_media":669,"comment_status":"open","ping_status":"open","sticky":false,"template":"","format":"standard","meta":{"footnotes":""},"categories":[6],"tags":[],"class_list":["post-954","post","type-post","status-publish","format-standard","has-post-thumbnail","hentry","category-saude"],"_links":{"self":[{"href":"https:\/\/tintafresca.net\/index.php\/wp-json\/wp\/v2\/posts\/954","targetHints":{"allow":["GET"]}}],"collection":[{"href":"https:\/\/tintafresca.net\/index.php\/wp-json\/wp\/v2\/posts"}],"about":[{"href":"https:\/\/tintafresca.net\/index.php\/wp-json\/wp\/v2\/types\/post"}],"author":[{"embeddable":true,"href":"https:\/\/tintafresca.net\/index.php\/wp-json\/wp\/v2\/users\/2"}],"replies":[{"embeddable":true,"href":"https:\/\/tintafresca.net\/index.php\/wp-json\/wp\/v2\/comments?post=954"}],"version-history":[{"count":2,"href":"https:\/\/tintafresca.net\/index.php\/wp-json\/wp\/v2\/posts\/954\/revisions"}],"predecessor-version":[{"id":956,"href":"https:\/\/tintafresca.net\/index.php\/wp-json\/wp\/v2\/posts\/954\/revisions\/956"}],"wp:featuredmedia":[{"embeddable":true,"href":"https:\/\/tintafresca.net\/index.php\/wp-json\/wp\/v2\/media\/669"}],"wp:attachment":[{"href":"https:\/\/tintafresca.net\/index.php\/wp-json\/wp\/v2\/media?parent=954"}],"wp:term":[{"taxonomy":"category","embeddable":true,"href":"https:\/\/tintafresca.net\/index.php\/wp-json\/wp\/v2\/categories?post=954"},{"taxonomy":"post_tag","embeddable":true,"href":"https:\/\/tintafresca.net\/index.php\/wp-json\/wp\/v2\/tags?post=954"}],"curies":[{"name":"wp","href":"https:\/\/api.w.org\/{rel}","templated":true}]}}