{"id":9586,"date":"2021-10-06T12:16:30","date_gmt":"2021-10-06T12:16:30","guid":{"rendered":"https:\/\/tintafresca.net\/?p=9586"},"modified":"2021-10-06T12:23:59","modified_gmt":"2021-10-06T12:23:59","slug":"ministra-da-agricultura-inaugura-no-cadaval-nova-sede-da-leader-oeste","status":"publish","type":"post","link":"https:\/\/tintafresca.net\/index.php\/2021\/10\/06\/ministra-da-agricultura-inaugura-no-cadaval-nova-sede-da-leader-oeste\/","title":{"rendered":"Ministra da Agricultura inaugura no Cadaval nova sede da Leader Oeste"},"content":{"rendered":"<div id=\"attachment_9589\" style=\"width: 510px\" class=\"wp-caption alignleft\"><img loading=\"lazy\" decoding=\"async\" aria-describedby=\"caption-attachment-9589\" class=\"wp-image-9589 size-full\" src=\"https:\/\/tintafresca.net\/wp-content\/uploads\/2021\/10\/Cadaval_Ministra-Maria-do-Ceu-Antunes-10.jpg\" alt=\"\" width=\"500\" height=\"333\" srcset=\"https:\/\/tintafresca.net\/wp-content\/uploads\/2021\/10\/Cadaval_Ministra-Maria-do-Ceu-Antunes-10.jpg 500w, https:\/\/tintafresca.net\/wp-content\/uploads\/2021\/10\/Cadaval_Ministra-Maria-do-Ceu-Antunes-10-300x200.jpg 300w\" sizes=\"auto, (max-width: 500px) 100vw, 500px\" \/><p id=\"caption-attachment-9589\" class=\"wp-caption-text\">Maria do C\u00e9u Antunes<\/p><\/div>\n<p><em>Foi inaugurada, no dia 1 de outubro, pela ministra da Agricultura, Maria do C\u00e9u Antunes, a nova sede da Leader Oeste \u2013 Associa\u00e7\u00e3o para o Desenvolvimento e Promo\u00e7\u00e3o Rural do Oeste. Criada em 1994, a organiza\u00e7\u00e3o encontra-se sediada no Cadaval desde 1996, tendo mais recentemente mudado de instala\u00e7\u00f5es para a antiga escola prim\u00e1ria da vila do Cadaval, por via de acordo de ced\u00eancia celebrado com a C\u00e2mara Municipal.<\/em><\/p>\n<p>Durante a sess\u00e3o solene, Ana Souto, vice-presidente da <em>Minha Terra \u2013<\/em> <em>Federa\u00e7\u00e3o Portuguesa de Associa\u00e7\u00f5es de Desenvolvimento Local<\/em>, revelou ser este \u00abum momento especial e de muito significado\u00bb. \u00abMais do que inaugurar o espa\u00e7o f\u00edsico da sede de uma entidade com quase 30 anos de exist\u00eancia, como \u00e9 o caso da Leader Oeste, \u00e9 um momento carregado de simbolismo j\u00e1 que esta associa\u00e7\u00e3o, fundada em 1994, cresceu e frutificou ao longo destas praticamente tr\u00eas d\u00e9cadas\u00bb. Felicitou, em seguida, os dirigentes da associa\u00e7\u00e3o, bem como o seu coordenador (Jos\u00e9 Coutinho) e respetiva equipa t\u00e9cnica, referindo-se ao sucesso alcan\u00e7ado como \u00abum exemplo de que todos nos orgulhamos\u00bb. Debru\u00e7ou-se, em seguida, sobre a hist\u00f3ria e import\u00e2ncia do programa Leader, que remonta a 1991.<\/p>\n<div id=\"attachment_9590\" style=\"width: 510px\" class=\"wp-caption alignleft\"><img loading=\"lazy\" decoding=\"async\" aria-describedby=\"caption-attachment-9590\" class=\"wp-image-9590 size-full\" src=\"https:\/\/tintafresca.net\/wp-content\/uploads\/2021\/10\/Cadaval_Pedro-Folgado10.jpg\" alt=\"\" width=\"500\" height=\"333\" srcset=\"https:\/\/tintafresca.net\/wp-content\/uploads\/2021\/10\/Cadaval_Pedro-Folgado10.jpg 500w, https:\/\/tintafresca.net\/wp-content\/uploads\/2021\/10\/Cadaval_Pedro-Folgado10-300x200.jpg 300w\" sizes=\"auto, (max-width: 500px) 100vw, 500px\" \/><p id=\"caption-attachment-9590\" class=\"wp-caption-text\">Pedro Folgado, presidente da Leader Oeste e da Comunidade Intermunicipal do Oeste<\/p><\/div>\n<p>Por seu turno, Jos\u00e9 Bernardo Nunes, presidente da C\u00e2mara Municipal do Cadaval, come\u00e7ou por explicar que o anterior edif\u00edcio que constituiu sede da Leader Oeste acusava j\u00e1 idade, em termos estruturais, e era j\u00e1 pequeno para acolher a associa\u00e7\u00e3o, em todas as suas val\u00eancias.<\/p>\n<p>\u00abEm boa hora se acordou a ced\u00eancia deste edif\u00edcio de uma antiga escola prim\u00e1ria, que se encontrava dispon\u00edvel e que agora se v\u00ea renovada e apta para uma nova fun\u00e7\u00e3o\u00bb, declarou o edil cadavalense. \u00abConseguiu-se, assim, preservar um importante patrim\u00f3nio edificado no Concelho e simultaneamente dar melhores condi\u00e7\u00f5es a uma relevante associa\u00e7\u00e3o de \u00e2mbito regional\u00bb.<\/p>\n<p>Jos\u00e9 Bernardo reafirmou a disponibilidade do Munic\u00edpio para continuar a apoiar a associa\u00e7\u00e3o, referindo, como exemplo mais recente, a recupera\u00e7\u00e3o total da pintura dos muros da escola.<\/p>\n<p>O presidente da C\u00e2mara desejou, paralelamente, que a Leader Oeste continuasse a contribuir para a economia da regi\u00e3o e para o bem-estar das popula\u00e7\u00f5es.<\/p>\n<div id=\"attachment_9591\" style=\"width: 510px\" class=\"wp-caption alignleft\"><img loading=\"lazy\" decoding=\"async\" aria-describedby=\"caption-attachment-9591\" class=\"wp-image-9591 size-full\" src=\"https:\/\/tintafresca.net\/wp-content\/uploads\/2021\/10\/Cadaval_Jose_Bernardo10.jpg\" alt=\"\" width=\"500\" height=\"333\" srcset=\"https:\/\/tintafresca.net\/wp-content\/uploads\/2021\/10\/Cadaval_Jose_Bernardo10.jpg 500w, https:\/\/tintafresca.net\/wp-content\/uploads\/2021\/10\/Cadaval_Jose_Bernardo10-300x200.jpg 300w\" sizes=\"auto, (max-width: 500px) 100vw, 500px\" \/><p id=\"caption-attachment-9591\" class=\"wp-caption-text\">Jos\u00e9 Bernardo Nunes, presidente da C\u00e2mara Municipal do Cadaval<\/p><\/div>\n<p>Jos\u00e9 Bernardo aproveitou a ocasi\u00e3o da vinda da ministra para evocar a doen\u00e7a que afeta os pomares da regi\u00e3o, o fogo bacteriano, real\u00e7ando o impacto que esta j\u00e1 est\u00e1 a ter, e que pode vir a piorar, na economia da regi\u00e3o e do pa\u00eds.<\/p>\n<p>O autarca alertou a governante para os relevantes encargos energ\u00e9ticos que impendem sobre os produtores, designadamente com a energia el\u00e9trica (lembrando a import\u00e2ncia da rega para as culturas fruteiras), constituindo a disponibilidade de \u00e1gua para a agricultura outro motivo de preocupa\u00e7\u00e3o.<\/p>\n<p>Tomando a palavra, Pedro Folgado, presidente da dire\u00e7\u00e3o da Leader Oeste, real\u00e7ou os 30 anos do programa Leader e \u00abos 27 anos de uma associa\u00e7\u00e3o que tem sido importante para o territ\u00f3rio, fazendo jus aos seus 70 associados numa grande diversidade p\u00fablica e privada\u00bb. \u00ab\u00c9 nesta diversidade e nesta complementaridade que a Leader Oeste tem crescido\u00bb, notou.<\/p>\n<p>\u00abO facto de ser a <em>OesteCIM \u2013 Comunidade Intermunicipal<\/em> a presidir \u00e0 Leader Oeste tem trazido algum crescimento e tamb\u00e9m alguma regularidade no processo\u00bb, declarou o respons\u00e1vel. \u00abImporta agradecer \u00e0 C\u00e2mara Municipal do Cadaval pela ced\u00eancia de instala\u00e7\u00f5es, pois sem ela n\u00e3o estar\u00edamos num espa\u00e7o que \u00e9 digno para a Leader Oeste, permitindo fazer outras atividades\u00bb.<\/p>\n<div id=\"attachment_9588\" style=\"width: 510px\" class=\"wp-caption alignleft\"><img loading=\"lazy\" decoding=\"async\" aria-describedby=\"caption-attachment-9588\" class=\"wp-image-9588 size-full\" src=\"https:\/\/tintafresca.net\/wp-content\/uploads\/2021\/10\/Cadaval_Leader-Oeste-Fachada10.jpg\" alt=\"\" width=\"500\" height=\"333\" srcset=\"https:\/\/tintafresca.net\/wp-content\/uploads\/2021\/10\/Cadaval_Leader-Oeste-Fachada10.jpg 500w, https:\/\/tintafresca.net\/wp-content\/uploads\/2021\/10\/Cadaval_Leader-Oeste-Fachada10-300x200.jpg 300w\" sizes=\"auto, (max-width: 500px) 100vw, 500px\" \/><p id=\"caption-attachment-9588\" class=\"wp-caption-text\">Nova sede da Leader Oeste ocupa agora o edif\u00edcio da antiga escola prim\u00e1ria<\/p><\/div>\n<p>Pedro Folgado fez uma retrospetiva sobre o que afirmou ser o \u00ablegado da Leader Oeste\u00bb. Neste contexto, destacou todos os processos no \u00e2mbito do desenvolvimento rural do territ\u00f3rio e o apoio dado a produtos end\u00f3genos e identit\u00e1rios da regi\u00e3o; o levantamento dos moinhos do Oeste, um n\u00famero \u00abelevado\u00bb de edi\u00e7\u00f5es apoiadas e produzidas; o apoio na classifica\u00e7\u00e3o da Serra de Montejunto como \u00e1rea de paisagem protegida; a realiza\u00e7\u00e3o de semin\u00e1rios dedicados ao patrim\u00f3nio e ao ambiente do Oeste.<\/p>\n<p>Ainda neste \u00e2mbito, enunciou os \u00abmuitos\u00bb estagi\u00e1rios acolhidos pela Leader Oeste e as rela\u00e7\u00f5es acad\u00e9micas com institui\u00e7\u00f5es de ensino e de investiga\u00e7\u00e3o; os \u00abmuitos\u00bb projetos apoiados em toda a regi\u00e3o, a realiza\u00e7\u00e3o da iniciativa \u201cProve\u201d e do Mercado EcoRural, a Loja do Oeste em \u00d3bidos e a participa\u00e7\u00e3o como fundadora da Ag\u00eancia Regional de Energia e Ambiente do Oeste \u2013 Oeste Sustent\u00e1vel.<\/p>\n<p>O dirigente apresentou tamb\u00e9m as tr\u00eas grandes \u00e1reas da Leader Oeste, na atualidade, a saber: a gest\u00e3o do Leader \u2013 Programa de Desenvolvimento Rural, bem como do Programa CLDS, que confere \u00e0 Leader Oeste uma vertente de apoio ao n\u00edvel do desenvolvimento social da regi\u00e3o; a gest\u00e3o do sistema de informa\u00e7\u00e3o sobre a Uni\u00e3o Europeia \u2013 <em>Europe Direct Oeste, Lez\u00edria e M\u00e9dio Tejo<\/em>, que engloba atualmente 36 concelhos.<\/p>\n<p>Por sua vez, Maria do C\u00e9u Antunes, ministra da Agricultura, enalteceu tamb\u00e9m o aproveitamento da antiga escola para acolher a Leader Oeste, facto que agradeceu \u00e0 C\u00e2mara Municipal.<\/p>\n<p>A governante destacou tratar-se aquele de um momento comemorativo do 27.\u00ba anivers\u00e1rio da associa\u00e7\u00e3o Leader Oeste, mas tamb\u00e9m dos 30 anos do programa Leader, que permitiu, gra\u00e7as aos grupos de a\u00e7\u00e3o local, dar apoio a mais de 30 mil projetos em Portugal.<\/p>\n<p>\u00abQueremos uma abordagem <em>Leader<\/em> como parte da estrat\u00e9gia de a\u00e7\u00e3o nos territ\u00f3rios rurais\u00bb, defendeu a ministra, referindo a import\u00e2ncia de criar, nas zonas rurais, condi\u00e7\u00f5es para empresas, emprego de qualidade e oportunidades de forma\u00e7\u00e3o.<\/p>\n<p>A respons\u00e1vel da pasta da Agricultura destacou a import\u00e2ncia da <em>Terra Futura \u2013 Agenda de Inova\u00e7\u00e3o para a Agricultura 20\/3 <\/em>para o Plano Estrat\u00e9gico da PAC, com enfoque no conhecimento, inova\u00e7\u00e3o e digitaliza\u00e7\u00e3o da agricultura das zonas rurais, que conta, segundo Maria do C\u00e9u, com 93 milh\u00f5es de euros do Plano de Recupera\u00e7\u00e3o e Resili\u00eancia (PRR).<\/p>\n<p>\u00abO pr\u00f3ximo per\u00edodo de programa\u00e7\u00e3o pretende nortear a estrat\u00e9gia e as pol\u00edticas do setor, e reveste-se de grande oportunidade\u00bb, disse. \u00abDa\u00ed a necessidade do refor\u00e7o dos Grupos de A\u00e7\u00e3o Local na dinamiza\u00e7\u00e3o da implementa\u00e7\u00e3o das pol\u00edticas p\u00fablicas nos territ\u00f3rios, para a qual importa avaliar a capacita\u00e7\u00e3o e a dimens\u00e3o territorial de cada um dos grupos\u00bb.<\/p>\n<p>Maria do C\u00e9u Antunes sublinhou a necessidade de \u00abcontar com um esp\u00edrito de grande coopera\u00e7\u00e3o, de grande di\u00e1logo, de grande proximidade\u00bb, para que o trabalho de sucesso dos Grupos de A\u00e7\u00e3o Local possa ter continuidade.<\/p>\n<p>\u00ab\u00c9 necess\u00e1rio promover um desenvolvimento dos territ\u00f3rios rurais que seja cada vez mais justo, mais inclusivo, mais equilibrado, mais inovador e mais sustent\u00e1vel\u00bb, acrescentou a ministra.<\/p>\n<p><strong>\u00a0 \u00a0 Fonte: SCRP | CMC<\/strong><\/p>\n","protected":false},"excerpt":{"rendered":"<p>Foi inaugurada, no dia 1 de outubro, pela ministra da Agricultura, Maria do C\u00e9u Antunes, a nova sede da Leader Oeste \u2013 Associa\u00e7\u00e3o para o Desenvolvimento e Promo\u00e7\u00e3o Rural do Oeste. Criada em 1994, a organiza\u00e7\u00e3o encontra-se sediada no Cadaval desde 1996, tendo mais recentemente mudado de instala\u00e7\u00f5es para a antiga escola prim\u00e1ria da vila [&hellip;]<\/p>\n","protected":false},"author":2,"featured_media":9593,"comment_status":"open","ping_status":"open","sticky":false,"template":"","format":"standard","meta":{"footnotes":""},"categories":[7],"tags":[],"class_list":["post-9586","post","type-post","status-publish","format-standard","has-post-thumbnail","hentry","category-economia"],"_links":{"self":[{"href":"https:\/\/tintafresca.net\/index.php\/wp-json\/wp\/v2\/posts\/9586","targetHints":{"allow":["GET"]}}],"collection":[{"href":"https:\/\/tintafresca.net\/index.php\/wp-json\/wp\/v2\/posts"}],"about":[{"href":"https:\/\/tintafresca.net\/index.php\/wp-json\/wp\/v2\/types\/post"}],"author":[{"embeddable":true,"href":"https:\/\/tintafresca.net\/index.php\/wp-json\/wp\/v2\/users\/2"}],"replies":[{"embeddable":true,"href":"https:\/\/tintafresca.net\/index.php\/wp-json\/wp\/v2\/comments?post=9586"}],"version-history":[{"count":3,"href":"https:\/\/tintafresca.net\/index.php\/wp-json\/wp\/v2\/posts\/9586\/revisions"}],"predecessor-version":[{"id":9594,"href":"https:\/\/tintafresca.net\/index.php\/wp-json\/wp\/v2\/posts\/9586\/revisions\/9594"}],"wp:featuredmedia":[{"embeddable":true,"href":"https:\/\/tintafresca.net\/index.php\/wp-json\/wp\/v2\/media\/9593"}],"wp:attachment":[{"href":"https:\/\/tintafresca.net\/index.php\/wp-json\/wp\/v2\/media?parent=9586"}],"wp:term":[{"taxonomy":"category","embeddable":true,"href":"https:\/\/tintafresca.net\/index.php\/wp-json\/wp\/v2\/categories?post=9586"},{"taxonomy":"post_tag","embeddable":true,"href":"https:\/\/tintafresca.net\/index.php\/wp-json\/wp\/v2\/tags?post=9586"}],"curies":[{"name":"wp","href":"https:\/\/api.w.org\/{rel}","templated":true}]}}