{"id":9595,"date":"2021-10-06T18:19:05","date_gmt":"2021-10-06T18:19:05","guid":{"rendered":"https:\/\/tintafresca.net\/?p=9595"},"modified":"2021-10-06T18:27:21","modified_gmt":"2021-10-06T18:27:21","slug":"48-escolas-de-leiria-ja-aderiram-ao-projeto-herois-da-fruta-para-prevenir-obesidade-infantil","status":"publish","type":"post","link":"https:\/\/tintafresca.net\/index.php\/2021\/10\/06\/48-escolas-de-leiria-ja-aderiram-ao-projeto-herois-da-fruta-para-prevenir-obesidade-infantil\/","title":{"rendered":"48 escolas de Leiria j\u00e1 aderiram ao projeto \u201cHer\u00f3is da Fruta\u201d para prevenir obesidade infantil"},"content":{"rendered":"<div id=\"attachment_9597\" style=\"width: 510px\" class=\"wp-caption alignleft\"><img loading=\"lazy\" decoding=\"async\" aria-describedby=\"caption-attachment-9597\" class=\"wp-image-9597\" src=\"https:\/\/tintafresca.net\/wp-content\/uploads\/2021\/10\/Herois_da_Fruta.jpg\" alt=\"\" width=\"500\" height=\"333\" srcset=\"https:\/\/tintafresca.net\/wp-content\/uploads\/2021\/10\/Herois_da_Fruta.jpg 640w, https:\/\/tintafresca.net\/wp-content\/uploads\/2021\/10\/Herois_da_Fruta-300x200.jpg 300w\" sizes=\"auto, (max-width: 500px) 100vw, 500px\" \/><p id=\"caption-attachment-9597\" class=\"wp-caption-text\">Her\u00f3is da Fruta<\/p><\/div>\n<p>Em Leiria, 48 escolas j\u00e1 aderiram este ano letivo ao projeto \u201cHer\u00f3is da Fruta\u201d, promovido desde 2011 pela Associa\u00e7\u00e3o Portuguesa Contra a Obesidade Infantil (APCOI). Depois do sucesso das edi\u00e7\u00f5es anteriores, em que mais de 50% das 502.122 crian\u00e7as participantes alcan\u00e7aram a ingest\u00e3o das por\u00e7\u00f5es di\u00e1rias recomendadas pela Organiza\u00e7\u00e3o Mundial de Sa\u00fade (OMS) relativamente ao consumo de frutas e vegetais em apenas dez semanas, o projeto regressa este ano \u00e0s escolas para continuar a combater a m\u00e1 nutri\u00e7\u00e3o e prevenir doen\u00e7as cr\u00f3nicas, como a obesidade, a diabetes ou o cancro, atrav\u00e9s de uma alimenta\u00e7\u00e3o mais saud\u00e1vel.<\/p>\n<p>M\u00e1rio Silva, presidente da APCOI e coordenador nacional do projeto Her\u00f3is da Fruta afirma que \u201ca aposta na preven\u00e7\u00e3o da obesidade infantil em Portugal tem dado bons resultados. Em 2019, a OMS apontou Portugal como uma refer\u00eancia a seguir por outros pa\u00edses por ter conseguido diminuir em quase 10% a percentagem de crian\u00e7as com excesso de peso nos \u00faltimos dez anos. No entanto, no mesmo estudo, que comparou a preval\u00eancia desta doen\u00e7a em 21 pa\u00edses europeus, Portugal ainda ocupava o quinto lugar do ranking. At\u00e9 2025, queremos chegar a todas as escolas do pa\u00eds com o projeto Her\u00f3is da Fruta\u201d.<\/p>\n<p>Para implementar o m\u00e9todo \u201cHer\u00f3is da Fruta\u201d s\u00e3o necess\u00e1rios apenas 5 minutos di\u00e1rios durante pelo menos 25 dias \u00fateis (5 semanas letivas consecutivas). Ap\u00f3s a inscri\u00e7\u00e3o, os respons\u00e1veis receber\u00e3o por email o \u00abGuia Her\u00f3is da Fruta\u00bb com orienta\u00e7\u00f5es passo-a-passo para implementar o projeto no ano letivo 2021\/2022. As inscri\u00e7\u00f5es s\u00e3o gratuitas e est\u00e3o abertas em\u00a0<a href=\"http:\/\/www.heroisdafruta.com\/\">www.heroisdafruta.com<\/a>\u00a0at\u00e9 16 de outubro.<\/p>\n<p>Podem participar todos os estabelecimentos de ensino p\u00fablicos e privados com turmas de pr\u00e9-escolar, 1\u00ba ciclo, ATL, CATL e NEE e neste ano letivo o programa contar\u00e1 com a ades\u00e3o de mais de 1.300 escolas em todo o territ\u00f3rio nacional continental.<\/p>\n<p>Al\u00e9m dos professores e educadores de inf\u00e2ncia, as inscri\u00e7\u00f5es podem tamb\u00e9m ser realizadas por docentes respons\u00e1veis, bibliotecas escolares ou projetos de educa\u00e7\u00e3o para a sa\u00fade, coordenadores pedag\u00f3gicos, diretores de agrupamento ou t\u00e9cnicos municipais, como por exemplo nutricionistas, entre outros.<\/p>\n<p>Para o ano letivo 2021\/2022 j\u00e1 est\u00e3o inscritas as seguintes escolas do distrito de Leiria:<\/p>\n<p>&#8211; Centro de Assist\u00eancia Paroquial de Pataias;<\/p>\n<p>&#8211; Centro Escolar da Benedita;<\/p>\n<p>&#8211; Centro Escolar da Cela;<\/p>\n<p>&#8211; Centro Escolar de Turquel &#8211; Jardim de Inf\u00e2ncia;<\/p>\n<p>&#8211; EB Casal dos Ramos;<\/p>\n<p>&#8211; EB1 Alfeizer\u00e3o;<\/p>\n<p>&#8211; EB1 S\u00e3o Martinho do Porto;<\/p>\n<p>&#8211; Centro Escolar de Alcoba\u00e7a;<\/p>\n<p>&#8211; EB1 de Pataias;<\/p>\n<p>&#8211; EB1\/JI Alpedriz;<\/p>\n<p>&#8211; JI Burinhosa;<\/p>\n<p>&#8211; Centro Social Paroquial de Benedita;<\/p>\n<p>&#8211; Centro Infantil Moinho de Vento;<\/p>\n<p>&#8211; EB N.\u00ba1 de Bombarral;<\/p>\n<p>&#8211; JI Vale da V\u00e1rzea;<\/p>\n<p>&#8211; JI Quinta de Santo Ant\u00f3nio;<\/p>\n<p>&#8211; EB do P\u00f3;<\/p>\n<p>&#8211; JI do P\u00f3;<\/p>\n<p>&#8211; Centro Social Paroquial de Santa Catrina;<\/p>\n<p>&#8211; Escola B\u00e1sica 1 Bairro da Ponte;<\/p>\n<p>&#8211; EB com JI de Alvorninha;<\/p>\n<p>&#8211; Centro Escolar de Monte Redondo;<\/p>\n<p>&#8211; EB de Amarela;<\/p>\n<p>&#8211; EB de Amor;<\/p>\n<p>&#8211; EB de Barosa;<\/p>\n<p>&#8211; EB de Souto de Cima;<\/p>\n<p>&#8211; EB Quinta do Al\u00e7ada ;<\/p>\n<p>&#8211; EB\/JI de Bou\u00e7a;<\/p>\n<p>&#8211; EB\/JI de Guimarota;<\/p>\n<p>&#8211; EB1 Dr.Correia Mateus;<\/p>\n<p>&#8211; EB1de Milagres;<\/p>\n<p>&#8211; Escola B\u00e1sica de Agodim;<\/p>\n<p>-Escola E.B. Henrique Sommer\/ CENTRO ESCOLAR;<\/p>\n<p>&#8211; Escola B\u00e1sica (1\u00baciclo e pr\u00e9-escolar) da Costa;<\/p>\n<p>&#8211; Jardim de Inf\u00e2ncia de Barreira;<\/p>\n<p>&#8211; EB Casal de Malta;<\/p>\n<p>&#8211; EB Fonte Santa- Pr\u00e9-escolar;<\/p>\n<p>&#8211; EB Moita 2430- 045 Marinha Grande;<\/p>\n<p>&#8211; EB Professor Francisco Ver\u00edssimo;<\/p>\n<p>-JI Confraria de Nossa Senhora da Nazar\u00e9;<\/p>\n<p>&#8211; JI de Vila Facaia;<\/p>\n<p>&#8211; Centro Infantil O Traquinas;<\/p>\n<p>&#8211; Centro Escolar de S\u00e3o Sim\u00e3o de Lit\u00e9m;<\/p>\n<p>&#8211; EB1 Travasso;<\/p>\n<p>&#8211; Externato a Falinha;<\/p>\n<p>&#8211; EB de Calvaria de Cima;<\/p>\n<p>&#8211; Escola B\u00e1sica de Casais Garridos;<\/p>\n<p>&#8211; P\u00f3lo Educativo de S\u00e3o Bento.<\/p>\n<p><strong>\u00a0 \u00a0 Fonte: hkstrategies<\/strong><\/p>\n<p>&nbsp;<\/p>\n<p>&nbsp;<\/p>\n","protected":false},"excerpt":{"rendered":"<p>Em Leiria, 48 escolas j\u00e1 aderiram este ano letivo ao projeto \u201cHer\u00f3is da Fruta\u201d, promovido desde 2011 pela Associa\u00e7\u00e3o Portuguesa Contra a Obesidade Infantil (APCOI). Depois do sucesso das edi\u00e7\u00f5es anteriores, em que mais de 50% das 502.122 crian\u00e7as participantes alcan\u00e7aram a ingest\u00e3o das por\u00e7\u00f5es di\u00e1rias recomendadas pela Organiza\u00e7\u00e3o Mundial de Sa\u00fade (OMS) relativamente ao [&hellip;]<\/p>\n","protected":false},"author":2,"featured_media":9600,"comment_status":"open","ping_status":"open","sticky":false,"template":"","format":"standard","meta":{"footnotes":""},"categories":[14,6],"tags":[],"class_list":["post-9595","post","type-post","status-publish","format-standard","has-post-thumbnail","hentry","category-educacao","category-saude"],"_links":{"self":[{"href":"https:\/\/tintafresca.net\/index.php\/wp-json\/wp\/v2\/posts\/9595","targetHints":{"allow":["GET"]}}],"collection":[{"href":"https:\/\/tintafresca.net\/index.php\/wp-json\/wp\/v2\/posts"}],"about":[{"href":"https:\/\/tintafresca.net\/index.php\/wp-json\/wp\/v2\/types\/post"}],"author":[{"embeddable":true,"href":"https:\/\/tintafresca.net\/index.php\/wp-json\/wp\/v2\/users\/2"}],"replies":[{"embeddable":true,"href":"https:\/\/tintafresca.net\/index.php\/wp-json\/wp\/v2\/comments?post=9595"}],"version-history":[{"count":2,"href":"https:\/\/tintafresca.net\/index.php\/wp-json\/wp\/v2\/posts\/9595\/revisions"}],"predecessor-version":[{"id":9598,"href":"https:\/\/tintafresca.net\/index.php\/wp-json\/wp\/v2\/posts\/9595\/revisions\/9598"}],"wp:featuredmedia":[{"embeddable":true,"href":"https:\/\/tintafresca.net\/index.php\/wp-json\/wp\/v2\/media\/9600"}],"wp:attachment":[{"href":"https:\/\/tintafresca.net\/index.php\/wp-json\/wp\/v2\/media?parent=9595"}],"wp:term":[{"taxonomy":"category","embeddable":true,"href":"https:\/\/tintafresca.net\/index.php\/wp-json\/wp\/v2\/categories?post=9595"},{"taxonomy":"post_tag","embeddable":true,"href":"https:\/\/tintafresca.net\/index.php\/wp-json\/wp\/v2\/tags?post=9595"}],"curies":[{"name":"wp","href":"https:\/\/api.w.org\/{rel}","templated":true}]}}