{"id":9754,"date":"2021-10-11T16:53:20","date_gmt":"2021-10-11T16:53:20","guid":{"rendered":"https:\/\/tintafresca.net\/?p=9754"},"modified":"2021-10-11T16:54:26","modified_gmt":"2021-10-11T16:54:26","slug":"aciso-associacao-empresarial-ourem-fatima-retoma-a-participacao-em-congressos-e-feiras-de-turismo","status":"publish","type":"post","link":"https:\/\/tintafresca.net\/index.php\/2021\/10\/11\/aciso-associacao-empresarial-ourem-fatima-retoma-a-participacao-em-congressos-e-feiras-de-turismo\/","title":{"rendered":"ACISO \u2013 Associa\u00e7\u00e3o Empresarial Our\u00e9m-F\u00e1tima retoma a participa\u00e7\u00e3o em congressos e feiras de turismo"},"content":{"rendered":"<div id=\"attachment_9757\" style=\"width: 314px\" class=\"wp-caption alignleft\"><img loading=\"lazy\" decoding=\"async\" aria-describedby=\"caption-attachment-9757\" class=\"wp-image-9757 size-full\" src=\"https:\/\/tintafresca.net\/wp-content\/uploads\/2021\/10\/ACISO.jpg\" alt=\"\" width=\"304\" height=\"228\" srcset=\"https:\/\/tintafresca.net\/wp-content\/uploads\/2021\/10\/ACISO.jpg 304w, https:\/\/tintafresca.net\/wp-content\/uploads\/2021\/10\/ACISO-300x225.jpg 300w\" sizes=\"auto, (max-width: 304px) 100vw, 304px\" \/><p id=\"caption-attachment-9757\" class=\"wp-caption-text\">Stand da ACISO em Fortaleza<\/p><\/div>\n<p>A ACISO \u2013 Associa\u00e7\u00e3o Empresarial de Our\u00e9m F\u00e1tima informa que retomou a Promo\u00e7\u00e3o Tur\u00edstica do Destino F\u00e1tima, atrav\u00e9s da presen\u00e7a no XVI Congresso Internacional de Turismo Religioso e Sustent\u00e1vel, que se realizou em Pamplona, Espanha, entre os dias 21 e 24 de setembro, e da presen\u00e7a na ABAV Expo &amp; Collab, que ocorreu em Fortaleza, Brasil, entre os dias 06 e 08 de outubro.<\/p>\n<p>Em Pamplona, a ACISO participou no Congresso e no Workshop, tendo ao seu dispor uma mesa de exposi\u00e7\u00e3o. Durante o Congresso, foi realizada uma apresenta\u00e7\u00e3o de aproximadamente 25 minutos, que se focava na d\u00e9cima edi\u00e7\u00e3o do IWRT (em 2022) e que serviu tamb\u00e9m para incluir a promo\u00e7\u00e3o do destino F\u00e1tima.<\/p>\n<p>Em Fortaleza, a ACISO esteve presente atrav\u00e9s de um stand pr\u00f3prio de promo\u00e7\u00e3o da marca VISIT F\u00c1TIMA, com 48 m<sup>2<\/sup>, e contou com a presen\u00e7a de representantes da Verde Pino \u2013 Ag\u00eancia de Viagens e Turismo, do Hotel Santa Maria (F\u00e1tima) e da United Hotels of Portugal, para al\u00e9m dos representantes da Associa\u00e7\u00e3o Empresarial de Our\u00e9m-F\u00e1tima. A ACISO tinha, dentro do seu stand, as condi\u00e7\u00f5es necess\u00e1rias para reunir com empres\u00e1rios interessados e realizar futuras parcerias e neg\u00f3cios a implementar na retoma da atividade tur\u00edstica, recebendo centenas de Ag\u00eancias de Viagens e de Operadores Tur\u00edsticos.<\/p>\n<p>Em ambos os eventos, o feedback foi bastante positivo, o que veio comprovar que as empresas que resistiram \u00e0 crise pand\u00e9mica e econ\u00f3mica est\u00e3o de bra\u00e7os abertos para abra\u00e7ar novos projetos e dar continuidade \u00e0 atividade j\u00e1 desenvolvida anteriormente.<\/p>\n<p>A ACISO defende que \u00e9 importante manter a promo\u00e7\u00e3o do destino F\u00e1tima, raz\u00e3o pela qual ir\u00e1 marcar presen\u00e7a, no pr\u00f3ximo m\u00eas de novembro, no evento organizado pela National Tour Association (NTA), a Travel Exchange 2021, que ter\u00e1 lugar em Cleveland, Ohio, entre os dias 14 e 17.<\/p>\n<p><strong> \u00a0 Fonte: ACISO<\/strong><\/p>\n","protected":false},"excerpt":{"rendered":"<p>A ACISO \u2013 Associa\u00e7\u00e3o Empresarial de Our\u00e9m F\u00e1tima informa que retomou a Promo\u00e7\u00e3o Tur\u00edstica do Destino F\u00e1tima, atrav\u00e9s da presen\u00e7a no XVI Congresso Internacional de Turismo Religioso e Sustent\u00e1vel, que se realizou em Pamplona, Espanha, entre os dias 21 e 24 de setembro, e da presen\u00e7a na ABAV Expo &amp; Collab, que ocorreu em Fortaleza, [&hellip;]<\/p>\n","protected":false},"author":2,"featured_media":9758,"comment_status":"open","ping_status":"open","sticky":false,"template":"","format":"standard","meta":{"footnotes":""},"categories":[7],"tags":[],"class_list":["post-9754","post","type-post","status-publish","format-standard","has-post-thumbnail","hentry","category-economia"],"_links":{"self":[{"href":"https:\/\/tintafresca.net\/index.php\/wp-json\/wp\/v2\/posts\/9754","targetHints":{"allow":["GET"]}}],"collection":[{"href":"https:\/\/tintafresca.net\/index.php\/wp-json\/wp\/v2\/posts"}],"about":[{"href":"https:\/\/tintafresca.net\/index.php\/wp-json\/wp\/v2\/types\/post"}],"author":[{"embeddable":true,"href":"https:\/\/tintafresca.net\/index.php\/wp-json\/wp\/v2\/users\/2"}],"replies":[{"embeddable":true,"href":"https:\/\/tintafresca.net\/index.php\/wp-json\/wp\/v2\/comments?post=9754"}],"version-history":[{"count":3,"href":"https:\/\/tintafresca.net\/index.php\/wp-json\/wp\/v2\/posts\/9754\/revisions"}],"predecessor-version":[{"id":9759,"href":"https:\/\/tintafresca.net\/index.php\/wp-json\/wp\/v2\/posts\/9754\/revisions\/9759"}],"wp:featuredmedia":[{"embeddable":true,"href":"https:\/\/tintafresca.net\/index.php\/wp-json\/wp\/v2\/media\/9758"}],"wp:attachment":[{"href":"https:\/\/tintafresca.net\/index.php\/wp-json\/wp\/v2\/media?parent=9754"}],"wp:term":[{"taxonomy":"category","embeddable":true,"href":"https:\/\/tintafresca.net\/index.php\/wp-json\/wp\/v2\/categories?post=9754"},{"taxonomy":"post_tag","embeddable":true,"href":"https:\/\/tintafresca.net\/index.php\/wp-json\/wp\/v2\/tags?post=9754"}],"curies":[{"name":"wp","href":"https:\/\/api.w.org\/{rel}","templated":true}]}}