{"id":9786,"date":"2021-10-12T13:38:12","date_gmt":"2021-10-12T13:38:12","guid":{"rendered":"https:\/\/tintafresca.net\/?p=9786"},"modified":"2021-10-12T21:05:26","modified_gmt":"2021-10-12T21:05:26","slug":"presidente-da-republica-inaugura-na-azambuja-maior-entreposto-de-frio-em-portugal","status":"publish","type":"post","link":"https:\/\/tintafresca.net\/index.php\/2021\/10\/12\/presidente-da-republica-inaugura-na-azambuja-maior-entreposto-de-frio-em-portugal\/","title":{"rendered":"Presidente da Rep\u00fablica inaugura na Azambuja maior entreposto de frio em Portugal"},"content":{"rendered":"<div id=\"attachment_9788\" style=\"width: 510px\" class=\"wp-caption alignleft\"><img loading=\"lazy\" decoding=\"async\" aria-describedby=\"caption-attachment-9788\" class=\"wp-image-9788 size-full\" src=\"https:\/\/tintafresca.net\/wp-content\/uploads\/2021\/10\/Marcelo_Rebelo_sousa10.png\" alt=\"\" width=\"500\" height=\"610\" srcset=\"https:\/\/tintafresca.net\/wp-content\/uploads\/2021\/10\/Marcelo_Rebelo_sousa10.png 500w, https:\/\/tintafresca.net\/wp-content\/uploads\/2021\/10\/Marcelo_Rebelo_sousa10-246x300.png 246w\" sizes=\"auto, (max-width: 500px) 100vw, 500px\" \/><p id=\"caption-attachment-9788\" class=\"wp-caption-text\">Marcelo Rebelo de Sousa<\/p><\/div>\n<p>O Presidente da Rep\u00fablica inaugura, no dia\u00a014 de outubro, \u00e0s 11h,\u00a0o novo edif\u00edcio do Centro de Distribui\u00e7\u00e3o da Sonae MC, na Azambuja.<\/p>\n<p>Na cerim\u00f3nia de inaugura\u00e7\u00e3o do maior entreposto de frio em Portugal estar\u00e3o ainda presentes\u00a0Cl\u00e1udia Azevedo, CEO da Sonae, Lu\u00eds Moutinho, CEO da Sonae MC,\u00a0Miguel \u00c1guas, administrador da Sonae MC, Jo\u00e3o Galamba,\u00a0secret\u00e1rio de Estado Adjunto e da Energia, e Silvino L\u00facio, vice-presidente da C\u00e2mara Municipal da Azambuja,\u00a0entre outros convidados.<\/p>\n<p>O novo projeto, que permite receber e armazenar produtos de todo o pa\u00eds, otimiza o processo de distribui\u00e7\u00e3o \u00e0s lojas, aumentando a efici\u00eancia das opera\u00e7\u00f5es e redu\u00e7\u00e3o das emiss\u00f5es de CO<sub>2<\/sub>.<\/p>\n<p><strong> \u00a0 Fonte: LPM<\/strong><\/p>\n","protected":false},"excerpt":{"rendered":"<p>O Presidente da Rep\u00fablica inaugura, no dia\u00a014 de outubro, \u00e0s 11h,\u00a0o novo edif\u00edcio do Centro de Distribui\u00e7\u00e3o da Sonae MC, na Azambuja. Na cerim\u00f3nia de inaugura\u00e7\u00e3o do maior entreposto de frio em Portugal estar\u00e3o ainda presentes\u00a0Cl\u00e1udia Azevedo, CEO da Sonae, Lu\u00eds Moutinho, CEO da Sonae MC,\u00a0Miguel \u00c1guas, administrador da Sonae MC, Jo\u00e3o Galamba,\u00a0secret\u00e1rio de Estado [&hellip;]<\/p>\n","protected":false},"author":2,"featured_media":9789,"comment_status":"open","ping_status":"open","sticky":false,"template":"","format":"standard","meta":{"footnotes":""},"categories":[7],"tags":[],"class_list":["post-9786","post","type-post","status-publish","format-standard","has-post-thumbnail","hentry","category-economia"],"_links":{"self":[{"href":"https:\/\/tintafresca.net\/index.php\/wp-json\/wp\/v2\/posts\/9786","targetHints":{"allow":["GET"]}}],"collection":[{"href":"https:\/\/tintafresca.net\/index.php\/wp-json\/wp\/v2\/posts"}],"about":[{"href":"https:\/\/tintafresca.net\/index.php\/wp-json\/wp\/v2\/types\/post"}],"author":[{"embeddable":true,"href":"https:\/\/tintafresca.net\/index.php\/wp-json\/wp\/v2\/users\/2"}],"replies":[{"embeddable":true,"href":"https:\/\/tintafresca.net\/index.php\/wp-json\/wp\/v2\/comments?post=9786"}],"version-history":[{"count":2,"href":"https:\/\/tintafresca.net\/index.php\/wp-json\/wp\/v2\/posts\/9786\/revisions"}],"predecessor-version":[{"id":9790,"href":"https:\/\/tintafresca.net\/index.php\/wp-json\/wp\/v2\/posts\/9786\/revisions\/9790"}],"wp:featuredmedia":[{"embeddable":true,"href":"https:\/\/tintafresca.net\/index.php\/wp-json\/wp\/v2\/media\/9789"}],"wp:attachment":[{"href":"https:\/\/tintafresca.net\/index.php\/wp-json\/wp\/v2\/media?parent=9786"}],"wp:term":[{"taxonomy":"category","embeddable":true,"href":"https:\/\/tintafresca.net\/index.php\/wp-json\/wp\/v2\/categories?post=9786"},{"taxonomy":"post_tag","embeddable":true,"href":"https:\/\/tintafresca.net\/index.php\/wp-json\/wp\/v2\/tags?post=9786"}],"curies":[{"name":"wp","href":"https:\/\/api.w.org\/{rel}","templated":true}]}}