{"id":9791,"date":"2021-10-12T16:50:12","date_gmt":"2021-10-12T16:50:12","guid":{"rendered":"https:\/\/tintafresca.net\/?p=9791"},"modified":"2021-10-12T16:55:37","modified_gmt":"2021-10-12T16:55:37","slug":"jornadas-de-enfermagem-na-pessoa-em-situacao-critica-regressam-ao-politecnico-de-leiria","status":"publish","type":"post","link":"https:\/\/tintafresca.net\/index.php\/2021\/10\/12\/jornadas-de-enfermagem-na-pessoa-em-situacao-critica-regressam-ao-politecnico-de-leiria\/","title":{"rendered":"Jornadas de Enfermagem na Pessoa em Situa\u00e7\u00e3o Cr\u00edtica regressam ao Polit\u00e9cnico de Leiria"},"content":{"rendered":"<div id=\"attachment_9795\" style=\"width: 510px\" class=\"wp-caption alignleft\"><img loading=\"lazy\" decoding=\"async\" aria-describedby=\"caption-attachment-9795\" class=\"wp-image-9795 size-full\" src=\"https:\/\/tintafresca.net\/wp-content\/uploads\/2021\/10\/Escola_Saude_2008_07290102.jpg\" alt=\"\" width=\"500\" height=\"375\" srcset=\"https:\/\/tintafresca.net\/wp-content\/uploads\/2021\/10\/Escola_Saude_2008_07290102.jpg 500w, https:\/\/tintafresca.net\/wp-content\/uploads\/2021\/10\/Escola_Saude_2008_07290102-300x225.jpg 300w\" sizes=\"auto, (max-width: 500px) 100vw, 500px\" \/><p id=\"caption-attachment-9795\" class=\"wp-caption-text\">Escola Superior de Sa\u00fade de Leiria<\/p><\/div>\n<p>A Escola Superior de Sa\u00fade (ESSLei) do Polit\u00e9cnico de Leiria, atrav\u00e9s do mestrado de Enfermagem M\u00e9dico-Cir\u00fargica \u2013 \u00c1rea de Especializa\u00e7\u00e3o em Enfermagem \u00e0 Pessoa em Situa\u00e7\u00e3o Cr\u00edtica, promove no 15 de outubro, sexta-feira, mais uma edi\u00e7\u00e3o das Jornadas de Enfermagem na Pessoa em Situa\u00e7\u00e3o Cr\u00edtica. O evento decorre em formato presencial e online, a partir da ESSLei, entre as 09h00 e as 17h00.<\/p>\n<p>A iniciativa pretende fazer a abordagem da pessoa em situa\u00e7\u00e3o cr\u00edtica em contextos de pandemia, desde o pr\u00e9-hospitalar, no servi\u00e7o de urg\u00eancia, nos servi\u00e7os de internamento, at\u00e9 \u00e0 alta cl\u00ednica, bem como refletir sobre as experi\u00eancias profissionais e pessoais, emo\u00e7\u00f5es vividas e quest\u00f5es \u00e9ticas em torno de uma situa\u00e7\u00e3o de pandemia.<\/p>\n<p>As jornadas estar\u00e3o abertas a enfermeiros, estudantes de enfermagem e outros profissionais de sa\u00fade. O programa do evento pode ser consultado em <a href=\"https:\/\/bit.ly\/3AZLGhe\">https:\/\/bit.ly\/3AZLGhe<\/a>.<\/p>\n<p><strong>Fonte: Midlandcom<\/strong><\/p>\n","protected":false},"excerpt":{"rendered":"<p>A Escola Superior de Sa\u00fade (ESSLei) do Polit\u00e9cnico de Leiria, atrav\u00e9s do mestrado de Enfermagem M\u00e9dico-Cir\u00fargica \u2013 \u00c1rea de Especializa\u00e7\u00e3o em Enfermagem \u00e0 Pessoa em Situa\u00e7\u00e3o Cr\u00edtica, promove no 15 de outubro, sexta-feira, mais uma edi\u00e7\u00e3o das Jornadas de Enfermagem na Pessoa em Situa\u00e7\u00e3o Cr\u00edtica. O evento decorre em formato presencial e online, a partir [&hellip;]<\/p>\n","protected":false},"author":2,"featured_media":9794,"comment_status":"open","ping_status":"open","sticky":false,"template":"","format":"standard","meta":{"footnotes":""},"categories":[6],"tags":[],"class_list":["post-9791","post","type-post","status-publish","format-standard","has-post-thumbnail","hentry","category-saude"],"_links":{"self":[{"href":"https:\/\/tintafresca.net\/index.php\/wp-json\/wp\/v2\/posts\/9791","targetHints":{"allow":["GET"]}}],"collection":[{"href":"https:\/\/tintafresca.net\/index.php\/wp-json\/wp\/v2\/posts"}],"about":[{"href":"https:\/\/tintafresca.net\/index.php\/wp-json\/wp\/v2\/types\/post"}],"author":[{"embeddable":true,"href":"https:\/\/tintafresca.net\/index.php\/wp-json\/wp\/v2\/users\/2"}],"replies":[{"embeddable":true,"href":"https:\/\/tintafresca.net\/index.php\/wp-json\/wp\/v2\/comments?post=9791"}],"version-history":[{"count":3,"href":"https:\/\/tintafresca.net\/index.php\/wp-json\/wp\/v2\/posts\/9791\/revisions"}],"predecessor-version":[{"id":9797,"href":"https:\/\/tintafresca.net\/index.php\/wp-json\/wp\/v2\/posts\/9791\/revisions\/9797"}],"wp:featuredmedia":[{"embeddable":true,"href":"https:\/\/tintafresca.net\/index.php\/wp-json\/wp\/v2\/media\/9794"}],"wp:attachment":[{"href":"https:\/\/tintafresca.net\/index.php\/wp-json\/wp\/v2\/media?parent=9791"}],"wp:term":[{"taxonomy":"category","embeddable":true,"href":"https:\/\/tintafresca.net\/index.php\/wp-json\/wp\/v2\/categories?post=9791"},{"taxonomy":"post_tag","embeddable":true,"href":"https:\/\/tintafresca.net\/index.php\/wp-json\/wp\/v2\/tags?post=9791"}],"curies":[{"name":"wp","href":"https:\/\/api.w.org\/{rel}","templated":true}]}}