{"id":9815,"date":"2021-10-13T11:31:42","date_gmt":"2021-10-13T11:31:42","guid":{"rendered":"https:\/\/tintafresca.net\/?p=9815"},"modified":"2021-10-13T11:54:32","modified_gmt":"2021-10-13T11:54:32","slug":"regiao-de-leiria-submete-projetos-ao-prr-que-ultrapassam-os-150-milhoes-euros","status":"publish","type":"post","link":"https:\/\/tintafresca.net\/index.php\/2021\/10\/13\/regiao-de-leiria-submete-projetos-ao-prr-que-ultrapassam-os-150-milhoes-euros\/","title":{"rendered":"Regi\u00e3o de Leiria submete projetos ao PRR que ultrapassam os 150 milh\u00f5es euros"},"content":{"rendered":"<div id=\"attachment_9440\" style=\"width: 510px\" class=\"wp-caption alignleft\"><img loading=\"lazy\" decoding=\"async\" aria-describedby=\"caption-attachment-9440\" class=\"wp-image-9440 size-full\" src=\"https:\/\/tintafresca.net\/wp-content\/uploads\/2021\/10\/Nerlei_2010.jpg\" alt=\"\" width=\"500\" height=\"375\" srcset=\"https:\/\/tintafresca.net\/wp-content\/uploads\/2021\/10\/Nerlei_2010.jpg 500w, https:\/\/tintafresca.net\/wp-content\/uploads\/2021\/10\/Nerlei_2010-300x225.jpg 300w\" sizes=\"auto, (max-width: 500px) 100vw, 500px\" \/><p id=\"caption-attachment-9440\" class=\"wp-caption-text\">Edif\u00edcio Nerlei em Leiria<\/p><\/div>\n<p>Resultado do trabalho desenvolvido nos \u00faltimos 18 meses pelo Gabinete Econ\u00f3mico e Social da Regi\u00e3o de Leiria (GESRL) &#8211; liderado conjuntamente pela CIMRL (Comunidade Intermunicipal da Regi\u00e3o de Leiria), NERLEI (Associa\u00e7\u00e3o Empresarial da Regi\u00e3o de Leiria) e Polit\u00e9cnico de Leiria &#8211; a Regi\u00e3o de Leiria apresentou no final de setembro duas manifesta\u00e7\u00f5es de interesse para desenvolvimento de projetos, no \u00e2mbito das Agendas Mobilizadoras para a Inova\u00e7\u00e3o Empresarial, do Plano de Recupera\u00e7\u00e3o e Resili\u00eancia (PRR), que envolvem um investimento que ultrapassa os 150 milh\u00f5es de euros e envolve mais de oito dezenas de entidades: Empresas; Sistema Cient\u00edfico e Tecnol\u00f3gico; Institui\u00e7\u00f5es de Ensino; Centros de Interface Tecnol\u00f3gica; Associa\u00e7\u00f5es Empresariais e Comunidades Intermunicipais.<\/p>\n<p>O projeto designado \u201cVALET &#8211; \u2013 Valoriza\u00e7\u00e3o e Tratamento Bio-circular de Res\u00edduos\u201d, no \u00e2mbito das Agendas Mobilizadoras, contempla, um investimento total de 43,6 milh\u00f5es de euros, para um horizonte temporal de 36 meses. \u00c9 liderado pela empresa Ovol\u00edder \u2013 Ovos do Centro, Lda, com a coordena\u00e7\u00e3o t\u00e9cnica da NERLEI, e apresenta-se a concurso com um cons\u00f3rcio de 21 entidades, no total.<\/p>\n<p>Atrav\u00e9s do tratamento e valoriza\u00e7\u00e3o de res\u00edduos de efluentes de suinicultura, avicultura, matadouros, \u00e1guas ru\u00e7as de lagares e\/ou outras agroind\u00fastrias que, neste momento, est\u00e3o na origem de problemas ambientais, a implementa\u00e7\u00e3o do projeto VALET ir\u00e1 possibilitar o desenvolvimento de novos produtos como biofertilizantes s\u00f3lidos e l\u00edquidos, ra\u00e7\u00f5es para animais, energia e eco-materiais (argamassas, bet\u00f5es, materiais de enchimento e placas de isolamento), que revelam um elevado potencial de valoriza\u00e7\u00e3o no mercado.<\/p>\n<p>Assim, pretende-se gerar novos conhecimentos e produzir novos bens e servi\u00e7os de alto valor acrescentado, com base em princ\u00edpios de economia circular, que conjuguem as dimens\u00f5es ambiental, energ\u00e9tica e de resili\u00eancia econ\u00f3mica, apresentando uma amplitude de inova\u00e7\u00e3o alargada.<\/p>\n<p>O projeto \u201cEmbalagens do Futuro\u201d, candidato no \u00e2mbito dos Pactos de Inova\u00e7\u00e3o, apresenta um cons\u00f3rcio de 78 entidades nacionais, que ir\u00e3o cooperar na execu\u00e7\u00e3o de um plano de atividades com dura\u00e7\u00e3o prevista de 48 meses e um investimento total de 112 Milh\u00f5es de euros.<\/p>\n<p>Liderado pela empresa Vangest &#8211; Engenharia Financeira e Gest\u00e3o, SA, tem a coordena\u00e7\u00e3o t\u00e9cnica do Polit\u00e9cnico de Leiria e inclui iniciativas inovadoras para a conce\u00e7\u00e3o e produ\u00e7\u00e3o de novos produtos, processos e servi\u00e7os capazes de transformar, de forma estrutural e concertada, o futuro da fileira de produ\u00e7\u00e3o, comercializa\u00e7\u00e3o e exporta\u00e7\u00e3o de embalagens \u201cMade in Portugal\u201d para o mercado global. Pretende-se gerar novos conhecimentos e produzir novos bens e servi\u00e7os de alto valor acrescentado, centrados num conceito disruptivo de \u201cembalagem\u201d que conjugue triplamente a dimens\u00e3o da \u201cEcologia\u201d, \u201cDigitaliza\u00e7\u00e3o\u201d e \u201cInclus\u00e3o\u201d.<\/p>\n<p>Em s\u00edntese, este Pacto de Inova\u00e7\u00e3o consubstancia-se numa iniciativa mobilizadora de empresas e institui\u00e7\u00f5es de I&amp;D, maioritariamente da Regi\u00e3o de Leiria, que formam uma alian\u00e7a comprometida em promover a especializa\u00e7\u00e3o e a resili\u00eancia da economia portuguesa, atrav\u00e9s da alavancagem, da notoriedade e reputa\u00e7\u00e3o da Embalagem Made in Portugal\/Made in Europe nas cadeias de valor globais de elevado valor acrescentado.<\/p>\n<p>A apresenta\u00e7\u00e3o das Manifesta\u00e7\u00f5es de Interesse para estes dois projetos e o envolvimento de um t\u00e3o grande n\u00famero de entidades nos dois cons\u00f3rcios, s\u00f3 foi poss\u00edvel devido ao trabalho que, no \u00faltimo ano e meio, tem sido feito pela Regi\u00e3o de Leiria, no \u00e2mbito do GESRL.<\/p>\n<p>Recorde-se que o GESRL foi criado a 13 de abril de 2020, em pleno in\u00edcio da pandemia de Covid-19 e em resultado de um memorando de entendimento entre entidades com atua\u00e7\u00e3o relevante na Regi\u00e3o de Leiria: CIMRL (Comunidade Intermunicipal da Regi\u00e3o de Leiria), NERLEI (Associa\u00e7\u00e3o Empresarial da Regi\u00e3o de Leiria) e Polit\u00e9cnico de Leiria.<\/p>\n<p>Este Gabinete foi criado com o objetivo de elaborar um \u201cPlano de Medidas para o Novo Lan\u00e7amento Econ\u00f3mico e Social da Regi\u00e3o de Leiria\u201d, apoiado em 10 Grupos de Trabalho tem\u00e1ticos e com o envolvimento de personalidades e entidades, p\u00fablicas e privadas, no processo de discuss\u00e3o, defini\u00e7\u00e3o, planeamento e execu\u00e7\u00e3o das medidas.<\/p>\n<p>A 11 de maio de 2021 foram apresentadas, pelos tr\u00eas presidentes das entidades signat\u00e1rias do GESRL, as a\u00e7\u00f5es estrat\u00e9gicas para o desenvolvimento da Regi\u00e3o de Leiria at\u00e9 2030, numa confer\u00eancia, onde interveio tamb\u00e9m Ant\u00f3nio Costa e Silva, na altura j\u00e1 nomeado presidente da comiss\u00e3o de acompanhamento do PRR.<\/p>\n<p>Este trabalho pr\u00e9vio, que foi sendo feito de forma ponderada e alargada, permitiu posicionar a regi\u00e3o na linha da frente, da resposta aos primeiros concursos abertos no \u00e2mbito do PRR.<\/p>\n<p><strong>\u00a0 \u00a0 Fonte: Nerlei<\/strong><\/p>\n","protected":false},"excerpt":{"rendered":"<p>Resultado do trabalho desenvolvido nos \u00faltimos 18 meses pelo Gabinete Econ\u00f3mico e Social da Regi\u00e3o de Leiria (GESRL) &#8211; liderado conjuntamente pela CIMRL (Comunidade Intermunicipal da Regi\u00e3o de Leiria), NERLEI (Associa\u00e7\u00e3o Empresarial da Regi\u00e3o de Leiria) e Polit\u00e9cnico de Leiria &#8211; a Regi\u00e3o de Leiria apresentou no final de setembro duas manifesta\u00e7\u00f5es de interesse para [&hellip;]<\/p>\n","protected":false},"author":2,"featured_media":9818,"comment_status":"open","ping_status":"open","sticky":false,"template":"","format":"standard","meta":{"footnotes":""},"categories":[7],"tags":[],"class_list":["post-9815","post","type-post","status-publish","format-standard","has-post-thumbnail","hentry","category-economia"],"_links":{"self":[{"href":"https:\/\/tintafresca.net\/index.php\/wp-json\/wp\/v2\/posts\/9815","targetHints":{"allow":["GET"]}}],"collection":[{"href":"https:\/\/tintafresca.net\/index.php\/wp-json\/wp\/v2\/posts"}],"about":[{"href":"https:\/\/tintafresca.net\/index.php\/wp-json\/wp\/v2\/types\/post"}],"author":[{"embeddable":true,"href":"https:\/\/tintafresca.net\/index.php\/wp-json\/wp\/v2\/users\/2"}],"replies":[{"embeddable":true,"href":"https:\/\/tintafresca.net\/index.php\/wp-json\/wp\/v2\/comments?post=9815"}],"version-history":[{"count":3,"href":"https:\/\/tintafresca.net\/index.php\/wp-json\/wp\/v2\/posts\/9815\/revisions"}],"predecessor-version":[{"id":9819,"href":"https:\/\/tintafresca.net\/index.php\/wp-json\/wp\/v2\/posts\/9815\/revisions\/9819"}],"wp:featuredmedia":[{"embeddable":true,"href":"https:\/\/tintafresca.net\/index.php\/wp-json\/wp\/v2\/media\/9818"}],"wp:attachment":[{"href":"https:\/\/tintafresca.net\/index.php\/wp-json\/wp\/v2\/media?parent=9815"}],"wp:term":[{"taxonomy":"category","embeddable":true,"href":"https:\/\/tintafresca.net\/index.php\/wp-json\/wp\/v2\/categories?post=9815"},{"taxonomy":"post_tag","embeddable":true,"href":"https:\/\/tintafresca.net\/index.php\/wp-json\/wp\/v2\/tags?post=9815"}],"curies":[{"name":"wp","href":"https:\/\/api.w.org\/{rel}","templated":true}]}}