{"id":983,"date":"2021-01-31T12:13:11","date_gmt":"2021-01-31T11:13:11","guid":{"rendered":"https:\/\/tintafresca.net\/?p=983"},"modified":"2021-01-31T18:42:06","modified_gmt":"2021-01-31T17:42:06","slug":"medio-tejo-regista-mais-de-850-novos-casos-de-covid-19-em-apenas-dois-dias","status":"publish","type":"post","link":"https:\/\/tintafresca.net\/index.php\/2021\/01\/31\/medio-tejo-regista-mais-de-850-novos-casos-de-covid-19-em-apenas-dois-dias\/","title":{"rendered":"M\u00e9dio Tejo regista mais de 850 novos casos de COVID-19 em apenas dois dias"},"content":{"rendered":"<div id=\"attachment_985\" style=\"width: 509px\" class=\"wp-caption alignleft\"><img loading=\"lazy\" decoding=\"async\" aria-describedby=\"caption-attachment-985\" class=\"wp-image-985 size-full\" src=\"https:\/\/tintafresca.net\/wp-content\/uploads\/2021\/01\/Tomar_Hospital10-1.jpg\" alt=\"\" width=\"499\" height=\"403\" srcset=\"https:\/\/tintafresca.net\/wp-content\/uploads\/2021\/01\/Tomar_Hospital10-1.jpg 499w, https:\/\/tintafresca.net\/wp-content\/uploads\/2021\/01\/Tomar_Hospital10-1-300x242.jpg 300w\" sizes=\"auto, (max-width: 499px) 100vw, 499px\" \/><p id=\"caption-attachment-985\" class=\"wp-caption-text\">Unidade de Tomar do Centro Hospitalar do M\u00e9dio Tejo<\/p><\/div>\n<p>O Agrupamento de Centros de Sa\u00fade do M\u00e9dio Tejo, que abrange os concelhos de Abrantes, Alcanena, Const\u00e2ncia, Entroncamento, Ferreira do Z\u00eazere, Ma\u00e7\u00e3o, Our\u00e9m, Sardoal, Sert\u00e3, Tomar, Torres Novas, Vila de Rei e Vila Nova da Barquinha regista um aumento significativo de casos de COVID-19 no final de janeiro. Em apenas dois dias, de 28 a 30 de janeiro, o crescimento foi de 852 casos. O maior crescimento registou-se em Tomar (172), seguido de Abrantes (147), Our\u00e9m (141), Torres Novas (110), Alcanena (71), Vila de Rei (55) e Entroncamento (54). Os concelhos com menor n\u00famero de novos casos s\u00e3o Ferreira do Z\u00eazere (33), Sert\u00e3 (19), Barquinha (19), Ma\u00e7\u00e3o (14), Sardoal (11) e Const\u00e2ncia (6).<\/p>\n<p>Os 13 concelhos registam 12.039 casos desde o in\u00edcio da pandemia e 6164 doentes recuperados. Neste momento, est\u00e3o 6.547 pessoas em vigil\u00e2ncia ativa por parte do ACES do M\u00e9dio Tejo.<\/p>\n<table width=\"0\">\n<tbody>\n<tr>\n<td width=\"130\">Concelho<\/td>\n<td width=\"110\">Dia 28\/1<\/td>\n<td width=\"110\">Dia 30\/1<\/td>\n<td width=\"97\">Novos casos<\/td>\n<\/tr>\n<tr>\n<td width=\"130\">Abrantes<\/td>\n<td width=\"110\">1188<\/td>\n<td width=\"110\">1335<\/td>\n<td width=\"97\">147<\/td>\n<\/tr>\n<tr>\n<td width=\"130\">Alcanena<\/td>\n<td width=\"110\">810<\/td>\n<td width=\"110\">881<\/td>\n<td width=\"97\">71<\/td>\n<\/tr>\n<tr>\n<td width=\"130\">Const\u00e2ncia<\/td>\n<td width=\"110\">143<\/td>\n<td width=\"110\">149<\/td>\n<td width=\"97\">6<\/td>\n<\/tr>\n<tr>\n<td width=\"130\">Entroncamento<\/td>\n<td width=\"110\">946<\/td>\n<td width=\"110\">1000<\/td>\n<td width=\"97\">54<\/td>\n<\/tr>\n<tr>\n<td width=\"130\">Ferreira do Z\u00eazere<\/td>\n<td width=\"110\">476<\/td>\n<td width=\"110\">509<\/td>\n<td width=\"97\">33<\/td>\n<\/tr>\n<tr>\n<td width=\"130\">Ma\u00e7\u00e3o<\/td>\n<td width=\"110\">388<\/td>\n<td width=\"110\">402<\/td>\n<td width=\"97\">14<\/td>\n<\/tr>\n<tr>\n<td width=\"130\">Our\u00e9m<\/td>\n<td width=\"110\">2595<\/td>\n<td width=\"110\">2736<\/td>\n<td width=\"97\">141<\/td>\n<\/tr>\n<tr>\n<td width=\"130\">Sardoal<\/td>\n<td width=\"110\">144<\/td>\n<td width=\"110\">155<\/td>\n<td width=\"97\">11<\/td>\n<\/tr>\n<tr>\n<td width=\"130\">Sert\u00e3<\/td>\n<td width=\"110\">559<\/td>\n<td width=\"110\">578<\/td>\n<td width=\"97\">19<\/td>\n<\/tr>\n<tr>\n<td width=\"130\">Tomar<\/td>\n<td width=\"110\">1945<\/td>\n<td width=\"110\">2117<\/td>\n<td width=\"97\">172<\/td>\n<\/tr>\n<tr>\n<td width=\"130\">Torres Novas<\/td>\n<td width=\"110\">1727<\/td>\n<td width=\"110\">1837<\/td>\n<td width=\"97\">110<\/td>\n<\/tr>\n<tr>\n<td width=\"130\">Vila de Rei<\/td>\n<td width=\"110\">51<\/td>\n<td width=\"110\">106<\/td>\n<td width=\"97\">55<\/td>\n<\/tr>\n<tr>\n<td width=\"130\">VN Barquinha<\/td>\n<td width=\"110\">215<\/td>\n<td width=\"110\">234<\/td>\n<td width=\"97\">19<\/td>\n<\/tr>\n<tr>\n<td width=\"130\">Total<\/td>\n<td width=\"110\">11187<\/td>\n<td width=\"110\">12039<\/td>\n<td width=\"97\">852<\/td>\n<\/tr>\n<\/tbody>\n<\/table>\n","protected":false},"excerpt":{"rendered":"<p>O Agrupamento de Centros de Sa\u00fade do M\u00e9dio Tejo, que abrange os concelhos de Abrantes, Alcanena, Const\u00e2ncia, Entroncamento, Ferreira do Z\u00eazere, Ma\u00e7\u00e3o, Our\u00e9m, Sardoal, Sert\u00e3, Tomar, Torres Novas, Vila de Rei e Vila Nova da Barquinha regista um aumento significativo de casos de COVID-19 no final de janeiro. Em apenas dois dias, de 28 a [&hellip;]<\/p>\n","protected":false},"author":2,"featured_media":991,"comment_status":"open","ping_status":"open","sticky":false,"template":"","format":"standard","meta":{"footnotes":""},"categories":[6],"tags":[],"class_list":["post-983","post","type-post","status-publish","format-standard","has-post-thumbnail","hentry","category-saude"],"_links":{"self":[{"href":"https:\/\/tintafresca.net\/index.php\/wp-json\/wp\/v2\/posts\/983","targetHints":{"allow":["GET"]}}],"collection":[{"href":"https:\/\/tintafresca.net\/index.php\/wp-json\/wp\/v2\/posts"}],"about":[{"href":"https:\/\/tintafresca.net\/index.php\/wp-json\/wp\/v2\/types\/post"}],"author":[{"embeddable":true,"href":"https:\/\/tintafresca.net\/index.php\/wp-json\/wp\/v2\/users\/2"}],"replies":[{"embeddable":true,"href":"https:\/\/tintafresca.net\/index.php\/wp-json\/wp\/v2\/comments?post=983"}],"version-history":[{"count":4,"href":"https:\/\/tintafresca.net\/index.php\/wp-json\/wp\/v2\/posts\/983\/revisions"}],"predecessor-version":[{"id":990,"href":"https:\/\/tintafresca.net\/index.php\/wp-json\/wp\/v2\/posts\/983\/revisions\/990"}],"wp:featuredmedia":[{"embeddable":true,"href":"https:\/\/tintafresca.net\/index.php\/wp-json\/wp\/v2\/media\/991"}],"wp:attachment":[{"href":"https:\/\/tintafresca.net\/index.php\/wp-json\/wp\/v2\/media?parent=983"}],"wp:term":[{"taxonomy":"category","embeddable":true,"href":"https:\/\/tintafresca.net\/index.php\/wp-json\/wp\/v2\/categories?post=983"},{"taxonomy":"post_tag","embeddable":true,"href":"https:\/\/tintafresca.net\/index.php\/wp-json\/wp\/v2\/tags?post=983"}],"curies":[{"name":"wp","href":"https:\/\/api.w.org\/{rel}","templated":true}]}}