{"id":9886,"date":"2021-10-15T13:23:59","date_gmt":"2021-10-15T13:23:59","guid":{"rendered":"https:\/\/tintafresca.net\/?p=9886"},"modified":"2021-10-15T13:26:22","modified_gmt":"2021-10-15T13:26:22","slug":"folio-festival-literario-internacional-de-obidos-ja-abriu-ao-publico","status":"publish","type":"post","link":"https:\/\/tintafresca.net\/index.php\/2021\/10\/15\/folio-festival-literario-internacional-de-obidos-ja-abriu-ao-publico\/","title":{"rendered":"Festival Liter\u00e1rio Internacional de \u00d3bidos j\u00e1 abriu ao p\u00fablico"},"content":{"rendered":"<div id=\"attachment_9888\" style=\"width: 510px\" class=\"wp-caption alignleft\"><img loading=\"lazy\" decoding=\"async\" aria-describedby=\"caption-attachment-9888\" class=\"wp-image-9888 size-full\" src=\"https:\/\/tintafresca.net\/wp-content\/uploads\/2021\/10\/Obidos_Inauguracao-FOLIO-2021_10.jpg\" alt=\"\" width=\"500\" height=\"333\" srcset=\"https:\/\/tintafresca.net\/wp-content\/uploads\/2021\/10\/Obidos_Inauguracao-FOLIO-2021_10.jpg 500w, https:\/\/tintafresca.net\/wp-content\/uploads\/2021\/10\/Obidos_Inauguracao-FOLIO-2021_10-300x200.jpg 300w\" sizes=\"auto, (max-width: 500px) 100vw, 500px\" \/><p id=\"caption-attachment-9888\" class=\"wp-caption-text\">Inaugura\u00e7\u00e3o do Folio<\/p><\/div>\n<p>Em final de mandato, Humberto Marques, presidente da C\u00e2mara Municipal de \u00d3bidos, inaugurou esta quinta-feira, dia 14 de outubro, o FOLIO \u2013 Festival Internacional de Literatura de \u00d3bidos, recordando esta \u201caventura\u201d, iniciada h\u00e1 seis anos, que levou a bom porto com o anterior presidente, Telmo Faria, e com Jos\u00e9 Pinho, curador do FOLIO Mais e editor da Ler Devagar. O certame decorre at\u00e9 24 de outubro.<\/p>\n<p>\u201cO segredo de \u00d3bidos tem sido a vontade de nos desafiarmos, fazermos disrup\u00e7\u00f5es e de vencermos os imposs\u00edveis\u201d, afirmou Humberto Marques. O autarca considerou que o \u201cverdadeiro timoneiro\u201d do evento foi Jos\u00e9 Pinho, por ter aberto livrarias em \u00d3bidos, quando outras estavam a fechar, e ter \u201cinundado a vila de literatura\u201d.<\/p>\n<p>\u201cFoste sempre uma vitamina para a equipa que me acompanhava e que achava que tinha de levar para a frente esta estrat\u00e9gia\u201d, disse o presidente do Munic\u00edpio, dirigindo-se ao editor da Ler Devagar, cuja miss\u00e3o \u00e9 preparar o FOLIO Mais, ap\u00f3s a restante programa\u00e7\u00e3o estar fechada.<\/p>\n<p>Humberto Marques manifestou ainda satisfa\u00e7\u00e3o por o FOLIO ter regressado, ap\u00f3s um ano de paragem, devido \u00e0 pandemia. \u201cVolvidos parece que 100 anos, tempo que nos distanciou uns dos outros, fez com que sent\u00edssemos a vontade e o desejo de estarmos pr\u00f3ximos uns dos outros\u201d, observou. \u201cQuis o destino que fosse o FOLIO o primeiro evento, desde o in\u00edcio da pandemia, que nos unisse \u00e0 volta do que \u00e9 o mais importante nas nossas vidas: a literatura.\u201d<\/p>\n<p>A prop\u00f3sito da escolha do tema o Outro para a edi\u00e7\u00e3o de 2020, que teve de ser cancelada, o autarca considerou que n\u00e3o podia ter sido mais oportuno. \u201cTemos uma capacidade transcendente e vision\u00e1ria para o que pode vir a acontecer\u201d, comentou. \u201c\u00c9 um tema que procura ser o palco da discuss\u00e3o, do encontro, da apresenta\u00e7\u00e3o de livros e da discuss\u00e3o de temas contempor\u00e2neos.\u201d<\/p>\n<p>Ap\u00f3s cinco edi\u00e7\u00f5es, Humberto Marques considera que o FOLIO contribuiu para o Pa\u00eds se unir e discutir mat\u00e9rias mais importantes. \u201cFoi a partir daqui que criou as disrup\u00e7\u00f5es transfronteiri\u00e7as, conseguiu internacionalizar a literatura e outras artes performativas\u201d, sublinhou.<\/p>\n<p>Jos\u00e9 Pinho agradeceu a Humberto Marques e \u00e0 C\u00e2mara Municipal de \u00d3bidos por ter acolhido \u201cesta ideia louca\u201d. \u201cAs pessoas do Munic\u00edpio e da \u00d3bidos Criativa envolveram-se de tal maneira na realiza\u00e7\u00e3o do FOLIO, no Latitudes e noutras coisas, o que faz com que tudo funcione. Isso d\u00e1 um grande descanso a quem tem de promover e dirigir um evento desta natureza\u201d, afirmou.<\/p>\n<p>O editor da Ler Devagar destacou ainda o facto de, este ano, haver editores que quiseram ter uma \u201cparticipa\u00e7\u00e3o muito maior\u201d. Aproveitou ainda para anunciar que, no dia 23, vai haver mais uma sess\u00e3o, que n\u00e3o estava prevista: a apresenta\u00e7\u00e3o de um livro do escritor mo\u00e7ambicano Mia Couto.<\/p>\n<p>\u201cSe h\u00e1 coisa humana mais m\u00e1gica \u00e9 a palavra. O livro sagrado come\u00e7a a dizer que o princ\u00edpio \u00e9 o verbo.<\/p>\n<p>\u00d3bidos est\u00e1 na festa da palavra\u201d, disse Francisco Madelino, presidente da Funda\u00e7\u00e3o Inatel, entidade que promove os concertos de m\u00fasicos portugueses. \u201cPara um amante dos movimentos da filosofia da linguagem, continuo a achar que \u00e9 no estudo do discurso e na palavra, no que ela traz escondida, que est\u00e1 a melhor forma de interpretar os sentimentos. Este percurso j\u00e1 est\u00e1 feito. Agora, \u00e9 consolid\u00e1-lo.\u201d<\/p>\n<p>Francisco Madelino destacou o concerto de M\u00e1rio L\u00facio e de Teresa Salgueiro. \u201cPegamos na palavra musicada com a m\u00fasica e \u00e9 nestas fus\u00f5es que est\u00e1 a grande riqueza do mundo e dos di\u00e1logos interculturais\u201d, defendeu. \u201cSe querem combater o racismo \u00e9 com o livro e com as viagens\u201d. O presidente do Inatel referiu ainda que o mundo mudou muito e a prova disso \u00e9 que Bob Dylan recebeu o Nobel da Literatura, como podia ter sido atribu\u00eddo a Leonard Cohen.<\/p>\n<p>Presidente da Funda\u00e7\u00e3o Millenium BCP, Ant\u00f3nio Martins Monteiro considerou fundamental entender o Outro e disse que a escolha deste tema foi premonit\u00f3ria. \u201cSempre me impressionou a forma como se promoveu o festival em \u00d3bidos. Este apoio enobrece a Funda\u00e7\u00e3o\u201d, afirmou.<\/p>\n<p>Informa\u00e7\u00f5es em obidos.pt e foliofestival.com.<\/p>\n<p>Fonte: GCI|CMO<\/p>\n","protected":false},"excerpt":{"rendered":"<p>Em final de mandato, Humberto Marques, presidente da C\u00e2mara Municipal de \u00d3bidos, inaugurou esta quinta-feira, dia 14 de outubro, o FOLIO \u2013 Festival Internacional de Literatura de \u00d3bidos, recordando esta \u201caventura\u201d, iniciada h\u00e1 seis anos, que levou a bom porto com o anterior presidente, Telmo Faria, e com Jos\u00e9 Pinho, curador do FOLIO Mais e [&hellip;]<\/p>\n","protected":false},"author":2,"featured_media":9889,"comment_status":"open","ping_status":"open","sticky":false,"template":"","format":"standard","meta":{"footnotes":""},"categories":[5],"tags":[],"class_list":["post-9886","post","type-post","status-publish","format-standard","has-post-thumbnail","hentry","category-artes"],"_links":{"self":[{"href":"https:\/\/tintafresca.net\/index.php\/wp-json\/wp\/v2\/posts\/9886","targetHints":{"allow":["GET"]}}],"collection":[{"href":"https:\/\/tintafresca.net\/index.php\/wp-json\/wp\/v2\/posts"}],"about":[{"href":"https:\/\/tintafresca.net\/index.php\/wp-json\/wp\/v2\/types\/post"}],"author":[{"embeddable":true,"href":"https:\/\/tintafresca.net\/index.php\/wp-json\/wp\/v2\/users\/2"}],"replies":[{"embeddable":true,"href":"https:\/\/tintafresca.net\/index.php\/wp-json\/wp\/v2\/comments?post=9886"}],"version-history":[{"count":3,"href":"https:\/\/tintafresca.net\/index.php\/wp-json\/wp\/v2\/posts\/9886\/revisions"}],"predecessor-version":[{"id":9891,"href":"https:\/\/tintafresca.net\/index.php\/wp-json\/wp\/v2\/posts\/9886\/revisions\/9891"}],"wp:featuredmedia":[{"embeddable":true,"href":"https:\/\/tintafresca.net\/index.php\/wp-json\/wp\/v2\/media\/9889"}],"wp:attachment":[{"href":"https:\/\/tintafresca.net\/index.php\/wp-json\/wp\/v2\/media?parent=9886"}],"wp:term":[{"taxonomy":"category","embeddable":true,"href":"https:\/\/tintafresca.net\/index.php\/wp-json\/wp\/v2\/categories?post=9886"},{"taxonomy":"post_tag","embeddable":true,"href":"https:\/\/tintafresca.net\/index.php\/wp-json\/wp\/v2\/tags?post=9886"}],"curies":[{"name":"wp","href":"https:\/\/api.w.org\/{rel}","templated":true}]}}