{"id":9924,"date":"2021-10-16T18:40:33","date_gmt":"2021-10-16T18:40:33","guid":{"rendered":"https:\/\/tintafresca.net\/?p=9924"},"modified":"2021-10-16T18:40:33","modified_gmt":"2021-10-16T18:40:33","slug":"centro-hospitalar-da-oeste-retoma-sessoes-do-curso-de-preparacao-para-o-parto-e-parentalidade","status":"publish","type":"post","link":"https:\/\/tintafresca.net\/index.php\/2021\/10\/16\/centro-hospitalar-da-oeste-retoma-sessoes-do-curso-de-preparacao-para-o-parto-e-parentalidade\/","title":{"rendered":"Centro Hospitalar da Oeste retoma sess\u00f5es do curso de Prepara\u00e7\u00e3o para o Parto e Parentalidade"},"content":{"rendered":"<div id=\"attachment_9926\" style=\"width: 510px\" class=\"wp-caption alignleft\"><img loading=\"lazy\" decoding=\"async\" aria-describedby=\"caption-attachment-9926\" class=\"wp-image-9926 size-full\" src=\"https:\/\/tintafresca.net\/wp-content\/uploads\/2021\/10\/Caldas_Preparacao-Parto-e-Parentalidade-CHOeste10.jpg\" alt=\"\" width=\"500\" height=\"316\" srcset=\"https:\/\/tintafresca.net\/wp-content\/uploads\/2021\/10\/Caldas_Preparacao-Parto-e-Parentalidade-CHOeste10.jpg 500w, https:\/\/tintafresca.net\/wp-content\/uploads\/2021\/10\/Caldas_Preparacao-Parto-e-Parentalidade-CHOeste10-300x190.jpg 300w\" sizes=\"auto, (max-width: 500px) 100vw, 500px\" \/><p id=\"caption-attachment-9926\" class=\"wp-caption-text\">Formandas do curso de Prepara\u00e7\u00e3o para o Parto e Parentalidade<\/p><\/div>\n<p>O Servi\u00e7o de Obstetr\u00edcia do Centro Hospitalar do Oeste retomou, no in\u00edcio da semana, as sess\u00f5es presenciais do curso de Prepara\u00e7\u00e3o para o Parto e Parentalidade, suspensas desde abril de 2020 no \u00e2mbito das medidas de combate \u00e0 pandemia de Covid-19.<strong><br \/>\n<\/strong><\/p>\n<p>O curso \u00e9 gratuito e dirigido a gr\u00e1vidas a partir das 28 semanas de gesta\u00e7\u00e3o, seguidas nas consultas de Obstetr\u00edcia do CHOeste, e que decidam ter o filho na maternidade do Centro Hospitalar do Oeste, localizada em Caldas da Rainha.<\/p>\n<p>As sess\u00f5es do curso s\u00e3o ministradas por uma equipa de enfermagem recentemente refor\u00e7ada.\u00a0 De referir que a retoma das sess\u00f5es de grupo cumpre todas as recomenda\u00e7\u00f5es emitidas pelo Grupo de Coordena\u00e7\u00e3o Local do Programa de Preven\u00e7\u00e3o e Controlo da Infe\u00e7\u00e3o e das Resist\u00eancias aos Antimicrobianos (GCL-PPCIRA).<\/p>\n<p>As inscri\u00e7\u00f5es para frequ\u00eancia do curso podem ser efetuadas a partir das 20 semanas de gesta\u00e7\u00e3o, atrav\u00e9s do preenchimento de uma ficha e entregue nos secretariados presencialmente ou por correio eletr\u00f3nico:\u00a0<a href=\"mailto:sec.obstetricia@choeste.min-saude.pt\">sec.obstetricia@choeste.min-saude.pt<\/a>.<\/p>\n<div id=\"attachment_9927\" style=\"width: 510px\" class=\"wp-caption alignleft\"><img loading=\"lazy\" decoding=\"async\" aria-describedby=\"caption-attachment-9927\" class=\"wp-image-9927 size-full\" src=\"https:\/\/tintafresca.net\/wp-content\/uploads\/2021\/10\/Caldas_CHO_Equipa-Preparacao-Parto10.jpg\" alt=\"\" width=\"500\" height=\"321\" srcset=\"https:\/\/tintafresca.net\/wp-content\/uploads\/2021\/10\/Caldas_CHO_Equipa-Preparacao-Parto10.jpg 500w, https:\/\/tintafresca.net\/wp-content\/uploads\/2021\/10\/Caldas_CHO_Equipa-Preparacao-Parto10-300x193.jpg 300w\" sizes=\"auto, (max-width: 500px) 100vw, 500px\" \/><p id=\"caption-attachment-9927\" class=\"wp-caption-text\">Equipa de prepara\u00e7\u00e3o para o parto<\/p><\/div>\n<p>Atrav\u00e9s da disponibiliza\u00e7\u00e3o deste curso desde 2016, o Centro Hospitalar do Oeste tem contribu\u00eddo para um maior esclarecimento e prepara\u00e7\u00e3o para o nascimento, ajudando a desenvolver e a criar compet\u00eancias aos futuros pais para que se sintam mais seguros, aut\u00f3nomos e confiantes, para ultrapassar alguns desconfortos, medos e receios ao longo da gravidez, parto e puerp\u00e9rio.<\/p>\n<p>O Centro Hospitalar do Oeste integra os hospitais de Caldas da Rainha, Torres Vedras e Peniche, tendo uma \u00e1rea de influ\u00eancia constitu\u00edda pelas popula\u00e7\u00f5es dos concelhos de Caldas da Rainha, \u00d3bidos, Peniche, Bombarral, Torres Vedras, Cadaval e Lourinh\u00e3 e de parte dos concelhos de Alcoba\u00e7a e de Mafra.<\/p>\n<p><strong>\u00a0 \u00a0 Fonte: GC|CHO<\/strong><\/p>\n","protected":false},"excerpt":{"rendered":"<p>O Servi\u00e7o de Obstetr\u00edcia do Centro Hospitalar do Oeste retomou, no in\u00edcio da semana, as sess\u00f5es presenciais do curso de Prepara\u00e7\u00e3o para o Parto e Parentalidade, suspensas desde abril de 2020 no \u00e2mbito das medidas de combate \u00e0 pandemia de Covid-19. O curso \u00e9 gratuito e dirigido a gr\u00e1vidas a partir das 28 semanas de [&hellip;]<\/p>\n","protected":false},"author":2,"featured_media":9928,"comment_status":"open","ping_status":"open","sticky":false,"template":"","format":"standard","meta":{"footnotes":""},"categories":[6],"tags":[],"class_list":["post-9924","post","type-post","status-publish","format-standard","has-post-thumbnail","hentry","category-saude"],"_links":{"self":[{"href":"https:\/\/tintafresca.net\/index.php\/wp-json\/wp\/v2\/posts\/9924","targetHints":{"allow":["GET"]}}],"collection":[{"href":"https:\/\/tintafresca.net\/index.php\/wp-json\/wp\/v2\/posts"}],"about":[{"href":"https:\/\/tintafresca.net\/index.php\/wp-json\/wp\/v2\/types\/post"}],"author":[{"embeddable":true,"href":"https:\/\/tintafresca.net\/index.php\/wp-json\/wp\/v2\/users\/2"}],"replies":[{"embeddable":true,"href":"https:\/\/tintafresca.net\/index.php\/wp-json\/wp\/v2\/comments?post=9924"}],"version-history":[{"count":2,"href":"https:\/\/tintafresca.net\/index.php\/wp-json\/wp\/v2\/posts\/9924\/revisions"}],"predecessor-version":[{"id":9929,"href":"https:\/\/tintafresca.net\/index.php\/wp-json\/wp\/v2\/posts\/9924\/revisions\/9929"}],"wp:featuredmedia":[{"embeddable":true,"href":"https:\/\/tintafresca.net\/index.php\/wp-json\/wp\/v2\/media\/9928"}],"wp:attachment":[{"href":"https:\/\/tintafresca.net\/index.php\/wp-json\/wp\/v2\/media?parent=9924"}],"wp:term":[{"taxonomy":"category","embeddable":true,"href":"https:\/\/tintafresca.net\/index.php\/wp-json\/wp\/v2\/categories?post=9924"},{"taxonomy":"post_tag","embeddable":true,"href":"https:\/\/tintafresca.net\/index.php\/wp-json\/wp\/v2\/tags?post=9924"}],"curies":[{"name":"wp","href":"https:\/\/api.w.org\/{rel}","templated":true}]}}